{"id":4687,"date":"2011-08-29T12:13:19","date_gmt":"2011-08-29T12:13:19","guid":{"rendered":"http:\/\/www.icac.cat\/?post_type=post&#038;p=4687"},"modified":"2015-07-06T16:58:39","modified_gmt":"2015-07-06T16:58:39","slug":"joaquin-ruiz-de-arbulo-urvicac-participa-a-la-reunio-las-sedes-de-los-ordines-decvriorum-en","status":"publish","type":"post","link":"https:\/\/icac.cat\/es\/actualitat\/noticies\/2011\/joaquin-ruiz-de-arbulo-urvicac-participa-a-la-reunio-las-sedes-de-los-ordines-decvriorum-en\/","title":{"rendered":"Joaquin Ruiz de Arbulo (URV\/ICAC) participa a la reuni\u00f3 \u00abLas sedes de los Ordines Decvriorum en Hispania\u00bb"},"content":{"rendered":"<p>&nbsp;<\/p>\n<p>&nbsp;<\/p>\n<p>&nbsp;<\/p>\n<p>El professor <a href=\"https:\/\/icac.cat\/?p=3711\" target=\"_blank\"><strong>Joaquin Ruiz de Arbulo <\/strong><\/a>(URV\/ICAC) participa juntament amb el professor Ricardo Mar (URV) fa la confer\u00e8ncia \u00abUna curia provincial en Tarraco?\u00bb el 14 de setembre en el marc de la reuni\u00f3 cient\u00edfica<strong> <a href=\"https:\/\/icac.cat\/wp-content\/uploads\/images\/stories\/pdf\/congressos\/ordines.pdf\" target=\"_blank\">Las sedes de los Ordines Decvriorum en Hispania<\/a><\/strong>. La trobada l&#8217;organitza el Instituto de Arqueolog\u00eda de M\u00e9rida i t\u00e9 lloc a M\u00e8rida del 14 al 16 de setembre de 2011.<\/p>\n<p>&nbsp;<\/p>\n","protected":false},"excerpt":{"rendered":"<p>Ser\u00e0 amb la confer\u00e8ncia \u00ab\u00bfUna curia provincial en Tarraco?\u00bb amb el professor de la URV Ricardo Mar. La jornades s\u00f3n a M\u00e8rida entre el 14 i el 16 de setembre.<\/p>\n","protected":false},"author":1,"featured_media":0,"comment_status":"closed","ping_status":"closed","sticky":false,"template":"","format":"standard","meta":{"_genesis_hide_title":false,"_genesis_hide_breadcrumbs":false,"_genesis_hide_singular_image":false,"_genesis_hide_footer_widgets":false,"_genesis_custom_body_class":"","_genesis_custom_post_class":"","_genesis_layout":""},"categories":[1],"tags":[],"_links":{"self":[{"href":"https:\/\/icac.cat\/es\/wp-json\/wp\/v2\/posts\/4687"}],"collection":[{"href":"https:\/\/icac.cat\/es\/wp-json\/wp\/v2\/posts"}],"about":[{"href":"https:\/\/icac.cat\/es\/wp-json\/wp\/v2\/types\/post"}],"author":[{"embeddable":true,"href":"https:\/\/icac.cat\/es\/wp-json\/wp\/v2\/users\/1"}],"replies":[{"embeddable":true,"href":"https:\/\/icac.cat\/es\/wp-json\/wp\/v2\/comments?post=4687"}],"version-history":[{"count":1,"href":"https:\/\/icac.cat\/es\/wp-json\/wp\/v2\/posts\/4687\/revisions"}],"predecessor-version":[{"id":9027,"href":"https:\/\/icac.cat\/es\/wp-json\/wp\/v2\/posts\/4687\/revisions\/9027"}],"wp:attachment":[{"href":"https:\/\/icac.cat\/es\/wp-json\/wp\/v2\/media?parent=4687"}],"wp:term":[{"taxonomy":"category","embeddable":true,"href":"https:\/\/icac.cat\/es\/wp-json\/wp\/v2\/categories?post=4687"},{"taxonomy":"post_tag","embeddable":true,"href":"https:\/\/icac.cat\/es\/wp-json\/wp\/v2\/tags?post=4687"}],"curies":[{"name":"wp","href":"https:\/\/api.w.org\/{rel}","templated":true}]}}