{"id":4957,"date":"2012-04-26T07:56:41","date_gmt":"2012-04-26T07:56:41","guid":{"rendered":"http:\/\/www.icac.cat\/?post_type=post&#038;p=4957"},"modified":"2015-07-06T16:58:36","modified_gmt":"2015-07-06T16:58:36","slug":"linstitut-a-la-viii-jornada-recercat-sobre-cultura-i-recerca-local","status":"publish","type":"post","link":"https:\/\/icac.cat\/es\/actualitat\/noticies\/2012\/linstitut-a-la-viii-jornada-recercat-sobre-cultura-i-recerca-local\/","title":{"rendered":"L&#8217;Institut a la VIII Jornada RECERCAT, sobre cultura i recerca local"},"content":{"rendered":"<p>&nbsp;<\/p>\n<p>&nbsp;<\/p>\n<p>&nbsp;<\/p>\n<p><a href=\"https:\/\/icac.cat\/?p=3711\" target=\"_blank\">Joaquin Ruiz de Arbulo<\/a> (URV\/ICAC) interv\u00e9 en la <a href=\"http:\/\/www.sre.urv.es\/irmu\/recercat\/\" target=\"_blank\"><strong>VIII Jornada RECERCAT sobre cultura i recerca local dels territoris de parla catalana<\/strong><\/a>, que t\u00e9 lloc els dies 12 i 13 de maig al Palau Firal i de Congressos de Tarragona. Ho organitza l&#8217;<a href=\"http:\/\/www.irmu.org\/\" target=\"_blank\">Institut Ramon Muntaner<\/a>.<\/p>\n<p>&nbsp;<\/p>\n<p>L&#8217;acte en el qual participa el Dr. Ruiz de Arbulo, el 12 de maig, \u00e9s el di\u00e0leg \u201cEls usos del passat\u201d, sobre com el patrimoni i la hist\u00f2ria han estat i s\u00f3n utilitzats des de la pol\u00edtica i com influeix en la nostra percepci\u00f3 dels elements i els fets.<\/p>\n<p>&nbsp;<\/p>\n<p>La conversa \u00e9s amb<a href=\"http:\/\/ca.wikipedia.org\/wiki\/Montserrat_Duch_i_Plana\" target=\"_blank\"> Montserrat Duch<\/a>, catedr\u00e0tica d&#8217;Hist\u00f2ria contempor\u00e0nia de la Universitat Rovira i Virgili i investigadora principal del Grup ISOCAC (Ideologies i Societat a la Catalunya Contempor\u00e0nia). Francesca Mestre, de revista Auriga, \u00e9s el moderador.<\/p>\n<p>&nbsp;<\/p>\n<p>&nbsp;<\/p>\n","protected":false},"excerpt":{"rendered":"<p>El Dr. Joaquin Ruiz de Arbulo (URV\/ICAC) interv\u00e9 en un di\u00e0leg sobre \u00abEls usos del passat\u00bb amb la Dra. Montserrat Duch.<\/p>\n","protected":false},"author":1,"featured_media":0,"comment_status":"closed","ping_status":"closed","sticky":false,"template":"","format":"standard","meta":{"_genesis_hide_title":false,"_genesis_hide_breadcrumbs":false,"_genesis_hide_singular_image":false,"_genesis_hide_footer_widgets":false,"_genesis_custom_body_class":"","_genesis_custom_post_class":"","_genesis_layout":""},"categories":[1],"tags":[],"_links":{"self":[{"href":"https:\/\/icac.cat\/es\/wp-json\/wp\/v2\/posts\/4957"}],"collection":[{"href":"https:\/\/icac.cat\/es\/wp-json\/wp\/v2\/posts"}],"about":[{"href":"https:\/\/icac.cat\/es\/wp-json\/wp\/v2\/types\/post"}],"author":[{"embeddable":true,"href":"https:\/\/icac.cat\/es\/wp-json\/wp\/v2\/users\/1"}],"replies":[{"embeddable":true,"href":"https:\/\/icac.cat\/es\/wp-json\/wp\/v2\/comments?post=4957"}],"version-history":[{"count":1,"href":"https:\/\/icac.cat\/es\/wp-json\/wp\/v2\/posts\/4957\/revisions"}],"predecessor-version":[{"id":8942,"href":"https:\/\/icac.cat\/es\/wp-json\/wp\/v2\/posts\/4957\/revisions\/8942"}],"wp:attachment":[{"href":"https:\/\/icac.cat\/es\/wp-json\/wp\/v2\/media?parent=4957"}],"wp:term":[{"taxonomy":"category","embeddable":true,"href":"https:\/\/icac.cat\/es\/wp-json\/wp\/v2\/categories?post=4957"},{"taxonomy":"post_tag","embeddable":true,"href":"https:\/\/icac.cat\/es\/wp-json\/wp\/v2\/tags?post=4957"}],"curies":[{"name":"wp","href":"https:\/\/api.w.org\/{rel}","templated":true}]}}