{"id":54102,"date":"2021-05-27T11:54:44","date_gmt":"2021-05-27T09:54:44","guid":{"rendered":"http:\/\/www.icac.cat\/es\/?p=54102"},"modified":"2021-05-27T13:35:28","modified_gmt":"2021-05-27T11:35:28","slug":"una-parte-significativa-del-foro-romano-iulia-libica-quedara-al-descubierto-ordenado-y-senalizado-terminada-la-actual-campana-de-excavaciones","status":"publish","type":"post","link":"https:\/\/icac.cat\/es\/actualitat\/noticies\/2021\/una-parte-significativa-del-foro-romano-iulia-libica-quedara-al-descubierto-ordenado-y-senalizado-terminada-la-actual-campana-de-excavaciones\/","title":{"rendered":"Una parte significativa del foro romano Iulia Libica quedar\u00e1 al descubierto, ordenado y se\u00f1alizado terminada la actual campa\u00f1a de excavaciones"},"content":{"rendered":"<h6>El Ayuntamiento de Ll\u00edvia quiere ampliar la exposici\u00f3n actual del Museo con los hallazgos del yacimiento y redacta un proyecto que ver\u00e1 la luz en unos 2 a\u00f1os<\/h6>\n<p>Una parte significativa del foro romano\u00a0<a href=\"https:\/\/icac.cat\/recerca\/projectes-de-recerca\/projecte\/projecte-iulia-libica-llivia-cerdanya-el-forum-i-el-territori-de-la-ciutat\/\" target=\"_blank\"><em>Iulia Libica<\/em> <\/a>quedar\u00e1 al descubierto, ordenado y se\u00f1alizado cuando finalice la actual campa\u00f1a de excavaciones, seg\u00fan ha explicado, el pasado viernes 21 de mayo, el director del programa, <a href=\"https:\/\/icac.cat\/es\/quienes-somos\/personal\/jguitart\/\" target=\"_blank\"><strong>Josep Guitart<\/strong> <\/a>(UAB-ICAC).<\/p>\n<p>A la finalizaci\u00f3n de los trabajos arqueol\u00f3gicos, parte del yacimiento estar\u00e1 ordenado y ser\u00e1 visible a los visitantes.\u00a0\u201cLa voluntad es dejar el \u00e1rea oriental ordenada. Quedar\u00e1 por completar toda la zona cercana a la iglesia\u201d, ha dicho Guitart.<\/p>\n<div class=\"destacat-entrevista dreta\">\n<div class=\"small-text\">\n<p>\u201cLa intenci\u00f3n es arreglar y ordenar el \u00e1rea oriental. Faltar\u00e1 por completar toda la zona cercana a la iglesia\u201d<\/p>\n<\/div>\n<\/div>\n<p>Para que este prop\u00f3sito sea una realidad se tendr\u00e1n que desviar los servicios p\u00fablicos de suministro que hoy cruzan por medio de la excavaci\u00f3n (electricidad y gas). Los responsables de la excavaci\u00f3n centran la actuaci\u00f3n de esta campa\u00f1a en la <strong>realizaci\u00f3n de un corte estratigr\u00e1fico<\/strong> para comprobar y datar las diferentes fases de ocupaci\u00f3n del espacio del foro y determinar la evoluci\u00f3n arquitect\u00f3nica de este asentamiento.<\/p>\n<p>El alcalde de Ll\u00edvia, <strong>Elies Nova<\/strong>, ha destacado la voluntad del <a href=\"http:\/\/llivia.org\/\" target=\"_blank\">Ayuntamiento de Ll\u00edvia<\/a>\u00a0de ampliar el Museo todo incorporando el foro romano en la exposici\u00f3n permanente del equipamiento. De hecho, el Museo actual se inaugur\u00f3 el 2012 y la confirmaci\u00f3n de la existencia del foro romano de Ll\u00edvia es de 2015. Este elemento arqueol\u00f3gico e hist\u00f3rico de esta val\u00eda -es el \u00fanico foro romano de los Pirineos- debe tener su protagonismo en el Museo local.<\/p>\n<blockquote><p>\u201cNosotros ten\u00edamos la intenci\u00f3n, inicialmente, de hacer un centro de interpretaci\u00f3n del foro. Pero, siguiendo las recomendaciones del equipo de arque\u00f3logos y del director del Museo de Ll\u00edvia, haremos que todo se concentre en el edificio del Ayuntamiento, donde ahora hay el Museo y la exposici\u00f3n de la antigua farmacia. Nuestra intenci\u00f3n es que el proyecto pueda estar acabado en unos dos a\u00f1os. Estamos trabajando en ello\u201d.<\/p><\/blockquote>\n<p>En lo que respecta al recinto del foro, Nova explica que ser\u00eda recomendable que el espacio, una vez finalizadas las excavaciones, quedase cubierto para evitar su degradaci\u00f3n.<\/p>\n<figure id=\"attachment_54092\" aria-describedby=\"caption-attachment-54092\" style=\"width: 790px\" class=\"wp-caption aligncenter\"><img loading=\"lazy\" class=\"size-large wp-image-54092\" src=\"https:\/\/icac.cat\/wp-content\/uploads\/2021\/05\/forum1-1024x647.jpg\" alt=\"C\u00e8sar Carreras (UAB), Josep Guitart (UAB-ICAC) i l'alcalde de Ll\u00edvia, Elies Nova, en la roda de premsa el 21 de maig, a Ll\u00edvia.\" width=\"790\" height=\"499\" srcset=\"https:\/\/icac.cat\/wp-content\/uploads\/2021\/05\/forum1-1024x647.jpg 1024w, https:\/\/icac.cat\/wp-content\/uploads\/2021\/05\/forum1-400x253.jpg 400w, https:\/\/icac.cat\/wp-content\/uploads\/2021\/05\/forum1.jpg 1575w\" sizes=\"(max-width: 790px) 100vw, 790px\" \/><figcaption id=\"caption-attachment-54092\" class=\"wp-caption-text\">C\u00e8sar Carreras (UAB), Josep Guitart (UAB-ICAC) y el alcalde de Ll\u00edvia, Elies Nova, en la rueda de prensa, el 21 de mayo, en Ll\u00edvia.<\/figcaption><\/figure>\n<p><strong>La campa\u00f1a de excavaciones en el foro, este 2021, se dividir\u00e1 en dos fases diferentes:<\/strong><\/p>\n<p>a. Del 3 al 30 de mayo se har\u00e1n excavaciones en el foro romano Iulia Libica;<\/p>\n<p>b. A partir de la segunda quincena de agosto y durante el mes de septiembre se volver\u00e1 a excavar en el foro con la participaci\u00f3n de una decena de estudiantes del Grado de Arqueolog\u00eda de la UAB.<\/p>\n<p>Esta campa\u00f1a es la \u00faltima de los cuatro a\u00f1os del\u00a0<a href=\"https:\/\/icac.cat\/recerca\/projectes-de-recerca\/projecte\/projecte-iulia-libica-llivia-cerdanya-el-forum-i-el-territori-de-la-ciutat\/\" target=\"_blank\" rel=\"noopener\">Plan Cuadriennal (2018-2021)<\/a>\u00a0y se prev\u00e9 darle continuidad con la presentaci\u00f3n, este a\u00f1o, de un\u00a0nuevo proyecto y un convenio entre el Ayuntamiento de Ll\u00edvia, la Universidad Aut\u00f3noma de Barcelona y el ICAC.<\/p>\n<h5>Excavaciones en el Castell de Ll\u00edvia<\/h5>\n<p>En el caso de los trabajos que se tienen que hacer el mes de julio en la parte alta de Puig del Castell de Ll\u00edvia, se enfocan en <strong>constatar arqueol\u00f3gicamente si en su momento hubo un asentamiento ib\u00e9rico-ceretano<\/strong>. Se sabe de la existencia de un poblado medieval pero nunca se ha hecho una exploraci\u00f3n espec\u00edfica. Hasta la fecha, y sin haber sido un yacimiento trabajado, han aparecido espor\u00e1dicamente algunas piezas de cer\u00e1mica de \u00e9poca ib\u00e9rica y republicana romana.<\/p>\n<p>En este caso, las excavaciones se har\u00e1n del 5 al 16 de julio. Se prev\u00e9 hacer diferentes sondeos y rasas.<\/p>\n<div class=\"highlight-block\">\n<p>Los trabajos de excavaci\u00f3n en el Foro romano de Iulia Libica y el Castell de Ll\u00edvia est\u00e1n liderados por la Universidad Aut\u00f3noma de Barcelona (UAB) y el Instituto Catal\u00e1n de Arqueolog\u00eda Cl\u00e1sica (ICAC).<\/p>\n<p>En el proyecto colaboran la <a href=\"http:\/\/www.ddgi.cat\/web\/\" target=\"_blank\"><strong>Diputaci\u00f3n de Girona<\/strong><\/a>\u00a0y la <a href=\"https:\/\/cultura.gencat.cat\/ca\/departament\/estructura_i_adreces\/organismes\/dgpc\/\" target=\"_blank\"><strong>Direcci\u00f3n General de Patrimonio Cultural de la Generalitat &#8211; Servei d\u2019Arqueologia<\/strong><\/a>.<\/p>\n<p>Los trabajos de excavaci\u00f3n son dirigidos por los arque\u00f3logos<a href=\"https:\/\/www.uab.cat\/web\/el-departament\/professorat\/directori\/professorat-1345696098292.html?param1=null&amp;param2=1345695241696\" target=\"_blank\"><strong> C\u00e9sar Carreras<\/strong><\/a>\u00a0y\u00a0<a href=\"https:\/\/dialnet.unirioja.es\/servlet\/autor?codigo=149960\" target=\"_blank\"><strong>Jordi Gu\u00e0rdia<\/strong><\/a>\u00a0(quien defendi\u00f3 su tesis doctoral en el ICAC, en abril de 2018, en el marco del programa de Doctorado interuniversitario en Arqueolog\u00eda Cl\u00e1sica URV-ICAC-UAB).<\/p>\n<\/div>\n","protected":false},"excerpt":{"rendered":"<p>El Ayuntamiento de Ll\u00edvia quiere ampliar la exposici\u00f3n actual del Museo con los hallazgos del yacimiento y redacta un proyecto que ver\u00e1 la luz en unos 2 a\u00f1os Una parte significativa del foro romano\u00a0Iulia Libica quedar\u00e1 al descubierto, ordenado y se\u00f1alizado cuando finalice la actual campa\u00f1a de excavaciones, seg\u00fan ha explicado, el pasado viernes 21 [&hellip;]<\/p>\n","protected":false},"author":160,"featured_media":54091,"comment_status":"closed","ping_status":"closed","sticky":false,"template":"","format":"standard","meta":{"_genesis_hide_title":false,"_genesis_hide_breadcrumbs":false,"_genesis_hide_singular_image":false,"_genesis_hide_footer_widgets":false,"_genesis_custom_body_class":"","_genesis_custom_post_class":"","_genesis_layout":""},"categories":[329,335,343,332],"tags":[],"_links":{"self":[{"href":"https:\/\/icac.cat\/es\/wp-json\/wp\/v2\/posts\/54102"}],"collection":[{"href":"https:\/\/icac.cat\/es\/wp-json\/wp\/v2\/posts"}],"about":[{"href":"https:\/\/icac.cat\/es\/wp-json\/wp\/v2\/types\/post"}],"author":[{"embeddable":true,"href":"https:\/\/icac.cat\/es\/wp-json\/wp\/v2\/users\/160"}],"replies":[{"embeddable":true,"href":"https:\/\/icac.cat\/es\/wp-json\/wp\/v2\/comments?post=54102"}],"version-history":[{"count":5,"href":"https:\/\/icac.cat\/es\/wp-json\/wp\/v2\/posts\/54102\/revisions"}],"predecessor-version":[{"id":54108,"href":"https:\/\/icac.cat\/es\/wp-json\/wp\/v2\/posts\/54102\/revisions\/54108"}],"wp:featuredmedia":[{"embeddable":true,"href":"https:\/\/icac.cat\/es\/wp-json\/wp\/v2\/media\/54091"}],"wp:attachment":[{"href":"https:\/\/icac.cat\/es\/wp-json\/wp\/v2\/media?parent=54102"}],"wp:term":[{"taxonomy":"category","embeddable":true,"href":"https:\/\/icac.cat\/es\/wp-json\/wp\/v2\/categories?post=54102"},{"taxonomy":"post_tag","embeddable":true,"href":"https:\/\/icac.cat\/es\/wp-json\/wp\/v2\/tags?post=54102"}],"curies":[{"name":"wp","href":"https:\/\/api.w.org\/{rel}","templated":true}]}}