{"id":55820,"date":"2021-09-10T13:40:54","date_gmt":"2021-09-10T11:40:54","guid":{"rendered":"http:\/\/www.icac.cat\/es\/?p=55820"},"modified":"2021-09-16T12:28:15","modified_gmt":"2021-09-16T10:28:15","slug":"la-noche-europea-de-la-investigacion-en-tarragona-recupera-la-presencialidad-con-el-lema-investigacion-por-el-cambio","status":"publish","type":"post","link":"https:\/\/icac.cat\/es\/actualitat\/noticies\/2021\/la-noche-europea-de-la-investigacion-en-tarragona-recupera-la-presencialidad-con-el-lema-investigacion-por-el-cambio\/","title":{"rendered":"La Noche Europea de la Investigaci\u00f3n en Tarragona recupera la presencialidad, con el lema \u201cInvestigaci\u00f3n por el cambio\u201d"},"content":{"rendered":"<h6>La ciencia volver\u00e1 a llenar las calles, mercados y centros educativos de la demarcaci\u00f3n de Tarragona.<\/h6>\n<p>La\u00a0<a href=\"http:\/\/tarragona.nitdelarecerca.cat\/ca\/\" target=\"_blank\" rel=\"noopener\">cuarta edici\u00f3n de la Noche Europea de la Investigaci\u00f3n<\/a>\u00a0recupera las actividades presenciales en una edici\u00f3n a\u00fan marcada por las restricciones derivades de la pandemia.<\/p>\n<p>La <a href=\"https:\/\/www.comciencia.urv.cat\/es\/\" target=\"_blank\">Universidad Rovira i Virgili<\/a> coordina esta actividad en las comarcas de Tarragona; junto con el <a href=\"https:\/\/icac.cat\/es\/\" target=\"_blank\">Instituto Catal\u00e1n de Arqueolog\u00eda Cl\u00e1sica (ICAC)<\/a>, el <a href=\"https:\/\/www.iciq.org\/\" target=\"_blank\">Instituto Catal\u00e1n de Investigaci\u00f3n Qu\u00edmica (ICIQ)<\/a>, el <a href=\"https:\/\/www.iispv.cat\/\" target=\"_blank\">Instituto de Investigaci\u00f3n Sanitaria Pere Virgili (IISPV)<\/a> y el <a href=\"http:\/\/www.iphes.cat\/\" target=\"_blank\">Instituto Catal\u00e1n de Paleoecolog\u00eda Humana y Evoluci\u00f3n Social (IPHES)<\/a>. Un centenar de investigadores e investigadoras de estas instituciones participamos en este gran evento p\u00fablico de divulgaci\u00f3n cient\u00edfica, que tiene lugar cada a\u00f1o en 300 ciudades de 30 pa\u00edses de Europa simult\u00e1neamente.<\/p>\n<p>Los objetivos de esta actividad, impulsada por la Comisi\u00f3n Europea desde 2005, son promover el reconocimiento p\u00fablico de la comunidad investigadora, dar a conocer la importancia de su labor para la sociedad, evidenciar que la investigaci\u00f3n, en todas sus disciplinas, es fascinante, y explicar y mostrar la investigaci\u00f3n y los investigadores e las investigadoras que hay detr\u00e1s.<\/p>\n<figure id=\"attachment_42536\" aria-describedby=\"caption-attachment-42536\" style=\"width: 790px\" class=\"wp-caption aligncenter\"><img loading=\"lazy\" class=\"size-large wp-image-42536\" src=\"https:\/\/icac.cat\/wp-content\/uploads\/2019\/09\/ICAC_Nit-Europea-Recerca-2019-1-1024x768.jpg\" alt=\"El trencaclosques de la cer\u00e0mica. Foto: ICAC\" width=\"790\" height=\"593\" srcset=\"https:\/\/icac.cat\/wp-content\/uploads\/2019\/09\/ICAC_Nit-Europea-Recerca-2019-1-1024x768.jpg 1024w, https:\/\/icac.cat\/wp-content\/uploads\/2019\/09\/ICAC_Nit-Europea-Recerca-2019-1-400x300.jpg 400w\" sizes=\"(max-width: 790px) 100vw, 790px\" \/><figcaption id=\"caption-attachment-42536\" class=\"wp-caption-text\">Una imagen del taller \u00abEl puzzle de la cer\u00e1mica\u00bb, en la edici\u00f3n de 2019 de la Noche Europea de la Investigaci\u00f3n en Tarragona (plaza Corsini). Foto: ICAC<\/figcaption><\/figure>\n<h5><\/h5>\n<h5><strong>Talleres cient\u00edficos en la plaza Corsini de Tarragona<\/strong><\/h5>\n<p>Con el lema \u201cInvestigaci\u00f3n por el cambio\u201d, las actividades previstas para esta edici\u00f3n llegan a todo tipo de p\u00fablico. La propuesta central es la <a href=\"http:\/\/tarragona.nitdelarecerca.cat\/ca\/programacio\/\" target=\"_blank\"><strong>feria de talleres cient\u00edficos<\/strong><\/a> que se har\u00e1 en la plaza Corsini de Tarragona. Cerca de una treintena de propuestas experimentales para p\u00fablico familiar de distintas edades ocupar\u00e1n este espacio durante toda la tarde del\u00a0<strong>viernes 24 de septiembre<\/strong>. Adem\u00e1s, se habilitar\u00e1 el espacio\u00a0<strong><a href=\"http:\/\/tarragona.nitdelarecerca.cat\/ca\/european-corner\/\" target=\"_blank\">European Corner<\/a><\/strong>, donde los investigadores e las investigadoras que se hayan inscrito previamente podr\u00e1n presentar al p\u00fablico en general la investigaci\u00f3n que hacen.<\/p>\n<div class=\"highlight-block\">\n<p>El ICAC participa en la feria de talleres cient\u00edficos de la plaza Corsini con cuatro talleres:<\/p>\n<\/div>\n<p>&nbsp;<\/p>\n<ul>\n<li><strong>\u00abTarrAcro-polis, un viaje cient\u00edfico de 2.000 a\u00f1os de historia\u00bb<\/strong>.\u00a0Mediante las tecnolog\u00edas de construcci\u00f3n de modelos tridimensionales, podremos hacer un recorrido virtual por la acr\u00f3polis de T\u00e1rraco y observar las principales construcciones romanas de este emplazamiento tan singular. Una oportunidad \u00fanica para conocer uno de los fen\u00f3menos hist\u00f3ricos y arquitect\u00f3nicos cabales de la ciudad de Tarragona.<\/li>\n<\/ul>\n<p><iframe loading=\"lazy\" title=\"YouTube video player\" src=\"https:\/\/www.youtube.com\/embed\/8dTjUS9zgsI\" width=\"560\" height=\"315\" frameborder=\"0\" allowfullscreen=\"allowfullscreen\"><\/iframe><\/p>\n<p>&nbsp;<\/p>\n<ul>\n<li><strong>\u00abSin coche ni navegador, por las rutas del mundo romano\u00bb<\/strong>. \u00bfOs parece que tard\u00e1is demasiado tiempo en desplazaros para ir a trabajar, a comprar o a la playa? \u00a1Moverse por las v\u00edas romanas s\u00ed que era todo un mundo! Un juego con mapas usando la cartograf\u00eda digital y la digitalizaci\u00f3n de las v\u00edas romanas. A cargo del investigador <a href=\"https:\/\/icac.cat\/es\/quienes-somos\/personal\/pdesoto\/\" target=\"_blank\">Pau de Soto<\/a>.<\/li>\n<\/ul>\n<p><iframe loading=\"lazy\" title=\"YouTube video player\" src=\"https:\/\/www.youtube.com\/embed\/J24f-0gty28\" width=\"560\" height=\"315\" frameborder=\"0\" allowfullscreen=\"allowfullscreen\"><\/iframe><\/p>\n<p>&nbsp;<\/p>\n<ul>\n<li><strong>\u00abTu gran boda griega\u00bb<\/strong>.\u00a0En el mundo griego antiguo una boda era un momento especial para toda la familia. Engalanar y vestir la novia era un proceso largo en el que participaba toda la familia. En este taller ver\u00e9is c\u00f3mo se ba\u00f1aba, se vest\u00eda y se maquillaba la novia el d\u00eda de su boda. Para hacerlo, aprender\u00e9is c\u00f3mo se hac\u00eda el maquillaje en la antig\u00fcedad, con qu\u00e9 colores se vest\u00eda la novia y qu\u00e9 joyas y peinados estaban de moda. A cargo de la investigadora postdoctoral\u00a0<a href=\"https:\/\/icac.cat\/es\/quienes-somos\/personal\/educe\/\" target=\"_blank\">Elena Duce<\/a>.<\/li>\n<\/ul>\n<p>&nbsp;<\/p>\n<ul>\n<li><strong>\u00ab\u00bfQu\u00e9 mujeres investigadoras conoces?\u00bb<\/strong>. Os damos la oportunidad de descubrir en pocos minutos algunas de las mujeres m\u00e1s importantes de la historia. Jugando les pondremos cara y conoceremos las principales aportaciones que han hecho a la ciencia. A cargo de la investigadora predoctoral <a href=\"https:\/\/icac.cat\/es\/quienes-somos\/personal\/mrueda\/\" target=\"_blank\">Maria Rueda<\/a>.<\/li>\n<\/ul>\n<p>&nbsp;<\/p>\n<h5><strong>Charlas divulgativas<\/strong><\/h5>\n<p>La ciencia tambi\u00e9n llegar\u00e1 a los estudiantes de secundaria y bachillerato. Del 20 al 24 de septiembre, investigadores e investigadoras de la URV y de los cuatro institutos de investigaci\u00f3n impartir\u00e1n <a href=\"http:\/\/tarragona.nitdelarecerca.cat\/ca\/programacio\/secundaria\/\" target=\"_blank\">charlas y talleres en los institutos<\/a> que lo hayan solicitado.<\/p>\n<p>En el caso del ICAC, la investigadora <a href=\"https:\/\/icac.cat\/es\/quienes-somos\/personal\/lcolominas\/\" target=\"_blank\">L\u00eddia Colominas<\/a>\u00a0dar\u00e1 la charla\u00a0<strong>\u00abArqueolog\u00eda y desigualdades\u00bb<\/strong>, el d\u00eda 23 de septiembre, en el Instituto Antoni Ballester de Mont-roig del Camp. En su presentaci\u00f3n, Colominas explicar\u00e1 en qu\u00e9 consiste el oficio de la arqueolog\u00eda, estableciendo paralelismos entre las din\u00e1micas de g\u00e9nero en sociedades antiguas con nuestra sociedad actual. Una oportunidad para fomentar la sensibilizaci\u00f3n sobre la desigualdad de g\u00e9nero en la ciencia y fomentar la vocaci\u00f3n cient\u00edfica.<\/p>\n<figure id=\"attachment_55815\" aria-describedby=\"caption-attachment-55815\" style=\"width: 977px\" class=\"wp-caption aligncenter\"><img loading=\"lazy\" class=\"wp-image-55815 size-full\" src=\"https:\/\/icac.cat\/wp-content\/uploads\/2021\/09\/Colominas_11F-2019_xerrada.png\" alt=\"La investigadora de l'equip GIAP L\u00eddia Colominas en una xerrada divulgativa en motiu de la celebraci\u00f3 de l'11F el 2019. Foto: ICAC.\" width=\"977\" height=\"581\" srcset=\"https:\/\/icac.cat\/wp-content\/uploads\/2021\/09\/Colominas_11F-2019_xerrada.png 977w, https:\/\/icac.cat\/wp-content\/uploads\/2021\/09\/Colominas_11F-2019_xerrada-400x238.png 400w\" sizes=\"(max-width: 977px) 100vw, 977px\" \/><figcaption id=\"caption-attachment-55815\" class=\"wp-caption-text\">La investigadora del equipo GIAP L\u00eddia Colominas en una charla divulgativa en motivo de la celebraci\u00f3n del 11F en 2019. Foto: ICAC.<\/figcaption><\/figure>\n<h5><\/h5>\n<h5>Otras actividades<\/h5>\n<p>Como en ediciones anteriores, tambi\u00e9n se ha programado una sesi\u00f3n de microcharlas divulgativas, que se har\u00e1 en Reus el viernes 17 de septiembre a las 19h, bajo la coordinaci\u00f3n del <a href=\"https:\/\/www.iispv.cat\/\" target=\"_blank\">IISPV<\/a>. Y para cerrar las actividades programadas dentro de la Noche Europea de la Investigaci\u00f3n, el s\u00e1bado 25 de septiembre a las 11 h se har\u00e1 en Tarragona una ruta cient\u00edfica sobre Antoni de Mart\u00ed i Franqu\u00e8s (con inscripci\u00f3n previa).<\/p>\n<p>Consulta todos los detalles de estas y otras actividades en la <a href=\"http:\/\/tarragona.nitdelarecerca.cat\/ca\/programacio\/\" target=\"_blank\">web de la Noche Europea de la Investigaci\u00f3n<\/a>\u00a0de la demarcaci\u00f3n de Tarragona.<\/p>\n<figure id=\"attachment_49540\" aria-describedby=\"caption-attachment-49540\" style=\"width: 790px\" class=\"wp-caption aligncenter\"><img loading=\"lazy\" class=\"size-large wp-image-49540\" src=\"https:\/\/icac.cat\/wp-content\/uploads\/2020\/10\/Nit-Europea-Recerca-2019_IISPV-1024x684.jpeg\" alt=\"La Cambra de Comer\u00e7 de Reus acollir\u00e0, amb inscripci\u00f3 pr\u00e8via, les micro xerrades cient\u00edfiques. Imatge de la sessi\u00f3 del 2019, al Castell del Cambrer (Reus). Foto: URV\" width=\"790\" height=\"528\" srcset=\"https:\/\/icac.cat\/wp-content\/uploads\/2020\/10\/Nit-Europea-Recerca-2019_IISPV.jpeg 1024w, https:\/\/icac.cat\/wp-content\/uploads\/2020\/10\/Nit-Europea-Recerca-2019_IISPV-400x267.jpeg 400w\" sizes=\"(max-width: 790px) 100vw, 790px\" \/><figcaption id=\"caption-attachment-49540\" class=\"wp-caption-text\">Una imagen de la celebraci\u00f3n de las microcharlas (IISPV), en el Castell del Cambrer de Reus, en la edici\u00f3n de 2019 de la Noche Europea de la Investigaci\u00f3n. Foto: URV<\/figcaption><\/figure>\n<h5><\/h5>\n<h5><strong>Un proyecto conjunto en Catalunya<\/strong><\/h5>\n<p>La <a href=\"http:\/\/tarragona.nitdelarecerca.cat\/ca\/\" target=\"_blank\">Noche de la Investigaci\u00f3n<\/a>\u00a0es un proyecto conjunto a nivel de toda Catalunya. Adem\u00e1s de la URV, en el proyecto <em>Catalan European European Researchers\u2019 Night<\/em>\u00a0participan la Universidad de Girona (que coordina el proyecto catal\u00e1n), la Universidad de Barcelona, la Universidad Aut\u00f3noma de Barcelona, la Universidad de Lleida, el centro ISGlobal y, desde la presente edici\u00f3n, la Universidad de Vic. La propuesta de la Noche de la Investigaci\u00f3n en Catalunya recibi\u00f3 hace cuatro a\u00f1os el sello de Noche Asociada, que otorga la Uni\u00f3n Europea.<\/p>\n<p>&nbsp;<\/p>\n<p><img loading=\"lazy\" class=\"aligncenter size-medium wp-image-55919\" src=\"https:\/\/icac.cat\/wp-content\/uploads\/2021\/09\/Nit-de-la-Recerca_Tallers-i-xerrades-400x276.png\" alt=\"Nit de la Recerca_Tallers i xerrades\" width=\"400\" height=\"276\" srcset=\"https:\/\/icac.cat\/wp-content\/uploads\/2021\/09\/Nit-de-la-Recerca_Tallers-i-xerrades-400x276.png 400w, https:\/\/icac.cat\/wp-content\/uploads\/2021\/09\/Nit-de-la-Recerca_Tallers-i-xerrades.png 1000w\" sizes=\"(max-width: 400px) 100vw, 400px\" \/><\/p>\n","protected":false},"excerpt":{"rendered":"<p>La ciencia volver\u00e1 a llenar las calles, mercados y centros educativos de la demarcaci\u00f3n de Tarragona. La\u00a0cuarta edici\u00f3n de la Noche Europea de la Investigaci\u00f3n\u00a0recupera las actividades presenciales en una edici\u00f3n a\u00fan marcada por las restricciones derivades de la pandemia. La Universidad Rovira i Virgili coordina esta actividad en las comarcas de Tarragona; junto con [&hellip;]<\/p>\n","protected":false},"author":160,"featured_media":50201,"comment_status":"closed","ping_status":"closed","sticky":false,"template":"","format":"standard","meta":{"_genesis_hide_title":false,"_genesis_hide_breadcrumbs":false,"_genesis_hide_singular_image":false,"_genesis_hide_footer_widgets":false,"_genesis_custom_body_class":"","_genesis_custom_post_class":"","_genesis_layout":""},"categories":[329,335,343,332,337],"tags":[499,498],"_links":{"self":[{"href":"https:\/\/icac.cat\/es\/wp-json\/wp\/v2\/posts\/55820"}],"collection":[{"href":"https:\/\/icac.cat\/es\/wp-json\/wp\/v2\/posts"}],"about":[{"href":"https:\/\/icac.cat\/es\/wp-json\/wp\/v2\/types\/post"}],"author":[{"embeddable":true,"href":"https:\/\/icac.cat\/es\/wp-json\/wp\/v2\/users\/160"}],"replies":[{"embeddable":true,"href":"https:\/\/icac.cat\/es\/wp-json\/wp\/v2\/comments?post=55820"}],"version-history":[{"count":5,"href":"https:\/\/icac.cat\/es\/wp-json\/wp\/v2\/posts\/55820\/revisions"}],"predecessor-version":[{"id":55921,"href":"https:\/\/icac.cat\/es\/wp-json\/wp\/v2\/posts\/55820\/revisions\/55921"}],"wp:featuredmedia":[{"embeddable":true,"href":"https:\/\/icac.cat\/es\/wp-json\/wp\/v2\/media\/50201"}],"wp:attachment":[{"href":"https:\/\/icac.cat\/es\/wp-json\/wp\/v2\/media?parent=55820"}],"wp:term":[{"taxonomy":"category","embeddable":true,"href":"https:\/\/icac.cat\/es\/wp-json\/wp\/v2\/categories?post=55820"},{"taxonomy":"post_tag","embeddable":true,"href":"https:\/\/icac.cat\/es\/wp-json\/wp\/v2\/tags?post=55820"}],"curies":[{"name":"wp","href":"https:\/\/api.w.org\/{rel}","templated":true}]}}