{"id":5642,"date":"2014-01-20T08:31:06","date_gmt":"2014-01-20T08:31:06","guid":{"rendered":"http:\/\/www.icac.cat\/?post_type=post&#038;p=5642"},"modified":"2015-07-06T16:58:28","modified_gmt":"2015-07-06T16:58:28","slug":"comenca-el-curs-bojos-per-larqueologia","status":"publish","type":"post","link":"https:\/\/icac.cat\/es\/actualitat\/noticies\/2014\/comenca-el-curs-bojos-per-larqueologia\/","title":{"rendered":"Comen\u00e7a el curs Bojos per l&#8217;arqueologia"},"content":{"rendered":"<p>&nbsp;<\/p>\n<p>&nbsp;<\/p>\n<p>&nbsp;<\/p>\n<p>&nbsp;<\/p>\n<p>La primera sessi\u00f3 del curs <a href=\"http:\/\/bojosperlarqueologia.icac.cat\/\" target=\"_blank\"><strong>Bojos per l&#8217;arqueologia<\/strong><\/a> amb 20 alumnes de batxillerat va tenir lloc dissabte <strong>18 de gener<\/strong> a les instal\u00b7lacions de l&#8217;IPHES amb l&#8217;arque\u00f2leg Llu\u00eds Batista.<\/p>\n<p>&nbsp;<\/p>\n<p>&nbsp;<\/p>\n<p><a href=\"https:\/\/icac.cat\/wp-content\/uploads\/images\/stories\/gal.leria\/bojos\/iphes1b.jpg\" target=\"_blank\"><img src=\"https:\/\/icac.cat\/wp-content\/uploads\/images\/stories\/gal.leria\/bojos\/iphes1b.jpg\" border=\"0\" width=\"250\" style=\"border: 0;\"> <\/a><a href=\"https:\/\/icac.cat\/wp-content\/uploads\/images\/stories\/gal.leria\/bojos\/iphes1a.jpg\" target=\"_blank\"><img src=\"https:\/\/icac.cat\/wp-content\/uploads\/images\/stories\/gal.leria\/bojos\/iphes1a.jpg\" border=\"0\" width=\"250\" style=\"border: 0;\"><\/a><\/p>\n<p style=\"text-align: center;\"><em>Imatges de la primera sessi\u00f3 de Bojos per l&#8217;arqueologia, dissabte 18 de gener de 2014 a l&#8217;IPHES. Fotos: Arxiu Bojos per l&#8217;arqueologia.<br \/><\/em><\/p>\n<p>&nbsp;<\/p>\n<p>&nbsp;<\/p>\n<p>&nbsp;<\/p>\n<p><a href=\"http:\/\/bojosperlarqueologia.icac.cat\/\" target=\"_blank\"><strong>Bojos per l&#8217;Arqueologia<\/strong><\/a> acull durant el 2014 un total de 20 estudiants de batxillerat d&#8217;arreu de Catalunya. \u00c9s una activitat formativa gratu\u00efta organitzada per l&#8217;ICAC juntament amb l\u2019<strong>IPHES<\/strong> (<a href=\"http:\/\/www.iphes.cat\/\" target=\"_blank\"><strong>Institut de Paleoecologia Humana i Evoluci\u00f3 Social<\/strong><\/a>) i l\u2019<strong>ICRPC<\/strong> (<a href=\"http:\/\/www.icrpc.cat\/\" target=\"_blank\"><strong>Institut Catal\u00e0 de Recerca en Patrimoni Cultural<\/strong><\/a>).<\/p>\n<p>&nbsp;<\/p>\n<p>Les sessions es realitzaran durant 18 dissabtes, 6 dies a cada un dels tres centres vegeu el <a href=\"http:\/\/bojosperlarqueologia.icac.cat\/pdf\/programa.pdf\" target=\"_blank\"><strong>programa<\/strong><\/a>):<\/p>\n<p>&nbsp;<\/p>\n<p>&#8211; IPHES: a partir del dissabte 18 de gener<\/p>\n<p>&#8211; ICAC: a partir del dissabte 5 d&#8217;abril<\/p>\n<p>&#8211; ICRPC: a partir del dissabte 27 de setembre<\/p>\n<p>&nbsp;<\/p>\n<p>&nbsp;<\/p>\n<p><a href=\"http:\/\/bojosperlarqueologia.icac.cat\/\" target=\"_blank\"><img loading=\"lazy\" src=\"https:\/\/icac.cat\/wp-content\/uploads\/images\/stories\/bojosperlarqueologia.jpg\" border=\"0\" width=\"200\" height=\"80\" style=\"float: right; border: 0;\"><\/a>Bojos per l&#8217;arqueologia forma part del del programa<a href=\"http:\/\/www.fundaciocatalunya-lapedrera.com\/ca\/bojos-ciencia\" target=\"_blank\"><strong> Bojos per la Ci\u00e8ncia<\/strong><\/a>, un curs <a href=\"https:\/\/icac.cat\/?p=5634\" target=\"_blank\"><strong>inaugurat l&#8217;11 de gener<\/strong><\/a> per estimular el talent cient\u00edfic per a joves estudiants de secund\u00e0ria organitzat per la Fundaci\u00f3 Catalunya-La Pedrera.<\/p>\n<p>&nbsp;<\/p>\n<p>&nbsp;<\/p>\n","protected":false},"excerpt":{"rendered":"<p><a href=\"https:\/\/icac.cat\/wp-content\/uploads\/images\/stories\/gal.leria\/bojos\/iphes1b.jpg\" target=\"_blank\"><img src=\"https:\/\/icac.cat\/wp-content\/uploads\/images\/stories\/gal.leria\/bojos\/iphes1b.jpg\" border=\"0\" width=\"100\" style=\"float: right;\"><\/a>La primera sessi\u00f3 d&#8217;aquest curs per a alumnes de batxillerat va tenir lloc dissabte 18 de gener a les instal\u00b7lacions de l&#8217;IPHES, organitzador de l&#8217;activitat juntament amb l&#8217;ICAC i l&#8217;ICRPC.<\/p>\n","protected":false},"author":1,"featured_media":0,"comment_status":"closed","ping_status":"closed","sticky":false,"template":"","format":"standard","meta":{"_genesis_hide_title":false,"_genesis_hide_breadcrumbs":false,"_genesis_hide_singular_image":false,"_genesis_hide_footer_widgets":false,"_genesis_custom_body_class":"","_genesis_custom_post_class":"","_genesis_layout":""},"categories":[1],"tags":[],"_links":{"self":[{"href":"https:\/\/icac.cat\/es\/wp-json\/wp\/v2\/posts\/5642"}],"collection":[{"href":"https:\/\/icac.cat\/es\/wp-json\/wp\/v2\/posts"}],"about":[{"href":"https:\/\/icac.cat\/es\/wp-json\/wp\/v2\/types\/post"}],"author":[{"embeddable":true,"href":"https:\/\/icac.cat\/es\/wp-json\/wp\/v2\/users\/1"}],"replies":[{"embeddable":true,"href":"https:\/\/icac.cat\/es\/wp-json\/wp\/v2\/comments?post=5642"}],"version-history":[{"count":1,"href":"https:\/\/icac.cat\/es\/wp-json\/wp\/v2\/posts\/5642\/revisions"}],"predecessor-version":[{"id":8704,"href":"https:\/\/icac.cat\/es\/wp-json\/wp\/v2\/posts\/5642\/revisions\/8704"}],"wp:attachment":[{"href":"https:\/\/icac.cat\/es\/wp-json\/wp\/v2\/media?parent=5642"}],"wp:term":[{"taxonomy":"category","embeddable":true,"href":"https:\/\/icac.cat\/es\/wp-json\/wp\/v2\/categories?post=5642"},{"taxonomy":"post_tag","embeddable":true,"href":"https:\/\/icac.cat\/es\/wp-json\/wp\/v2\/tags?post=5642"}],"curies":[{"name":"wp","href":"https:\/\/api.w.org\/{rel}","templated":true}]}}