{"id":6156,"date":"2014-10-17T12:37:08","date_gmt":"2014-10-17T12:37:08","guid":{"rendered":"http:\/\/www.icac.cat\/?post_type=post&#038;p=6156"},"modified":"2015-07-06T16:58:23","modified_gmt":"2015-07-06T16:58:23","slug":"un-investigador-de-licac-en-un-simposi-sobre-renaixement","status":"publish","type":"post","link":"https:\/\/icac.cat\/es\/actualitat\/noticies\/2014\/un-investigador-de-licac-en-un-simposi-sobre-renaixement\/","title":{"rendered":"Un investigador de l&#8217;ICAC en un simposi sobre Renaixement"},"content":{"rendered":"<p>&nbsp;<\/p>\n<p>&nbsp;<\/p>\n<p>&nbsp;<\/p>\n<p><a href=\"https:\/\/icac.cat\/wp-content\/uploads\/images\/foto_doc\/congressos\/parada.jpg\" target=\"_blank\"><img src=\"https:\/\/icac.cat\/wp-content\/uploads\/images\/foto_doc\/congressos\/parada.jpg\" alt=\"\" width=\"250\"><\/a>L\u2019investigador en formaci\u00f3 de l\u2019ICAC <a href=\"https:\/\/icac.cat\/?author=94\" target=\"_blank\"><strong>Manuel Parada L\u00f3pez de Corselas<\/strong><\/a> ha participat al simposi internacional <a href=\"http:\/\/www.escueladelaalhambra.es\/formacion\/programas\/symposium\/la-planta-circular-en-la-arquitectura-civil-del-renacimiento%20\" target=\"_blank\"><strong>La planta circular en la arquitectura civil del Renacimiento. De la Casa de Mantegna al Palacio de Carlos V<\/strong><\/a> amb la confer\u00e8ncia <strong>\u00abLa serliana del Palacio de Carlos V en Granada: arquitectura del poder entre Espa\u00f1a e Italia\u00bb<\/strong>.<\/p>\n<p>&nbsp;<\/p>\n<p>La trobada va tenir lloc a Granada del 9 a l\u201911 d\u2019octubre del 2014, organitzat per l\u2019Escuela de la Alhambra.<\/p>\n<p>D\u2019altra banda, Manuel Parada acaba de publicar com a coordinador, juntament amb el Prof. Sandro De Maria, el llibre <em>El Imperio y las Hispanias de Trajano a Carlos V. Clasicismo y poder en el arte espa\u00f1ol \/ L&#8217;Impero e le Hispaniae. Classicismo e potere nell&#8217;arte spagnola<\/em> (Bononia University Press, 2014).<\/p>\n<p>&nbsp;<\/p>\n<p>Aquest volum aplega les contribucions al congr\u00e9s celebrat el 2013 al Real Colegio de Espa\u00f1a en Bolonia i la Universit\u00e0 di Bologna.<\/p>\n<p><\/p>\n<p>&nbsp;<\/p>\n<h5 class=\"MsoNormal\"><span lang=\"CA\">Not\u00edcia relacionada<\/span><\/h5>\n<p><a href=\"https:\/\/icac.cat\/?p=5841\" target=\"_blank\"><strong>Manuel Parada defensa una tesi en Arqueologia i Hist\u00f2ria de l&#8217;art<\/strong> <\/a><\/p>\n","protected":false},"excerpt":{"rendered":"<p>L\u2019investigador en formaci\u00f3 Manuel Parada L\u00f3pez de Corselas ha participat al simposi \u00abLa planta circular en la arquitectura civil del Renacimiento\u00bb a Granada.<\/p>\n","protected":false},"author":1,"featured_media":0,"comment_status":"closed","ping_status":"closed","sticky":false,"template":"","format":"standard","meta":{"_genesis_hide_title":false,"_genesis_hide_breadcrumbs":false,"_genesis_hide_singular_image":false,"_genesis_hide_footer_widgets":false,"_genesis_custom_body_class":"","_genesis_custom_post_class":"","_genesis_layout":""},"categories":[1],"tags":[],"_links":{"self":[{"href":"https:\/\/icac.cat\/es\/wp-json\/wp\/v2\/posts\/6156"}],"collection":[{"href":"https:\/\/icac.cat\/es\/wp-json\/wp\/v2\/posts"}],"about":[{"href":"https:\/\/icac.cat\/es\/wp-json\/wp\/v2\/types\/post"}],"author":[{"embeddable":true,"href":"https:\/\/icac.cat\/es\/wp-json\/wp\/v2\/users\/1"}],"replies":[{"embeddable":true,"href":"https:\/\/icac.cat\/es\/wp-json\/wp\/v2\/comments?post=6156"}],"version-history":[{"count":1,"href":"https:\/\/icac.cat\/es\/wp-json\/wp\/v2\/posts\/6156\/revisions"}],"predecessor-version":[{"id":8575,"href":"https:\/\/icac.cat\/es\/wp-json\/wp\/v2\/posts\/6156\/revisions\/8575"}],"wp:attachment":[{"href":"https:\/\/icac.cat\/es\/wp-json\/wp\/v2\/media?parent=6156"}],"wp:term":[{"taxonomy":"category","embeddable":true,"href":"https:\/\/icac.cat\/es\/wp-json\/wp\/v2\/categories?post=6156"},{"taxonomy":"post_tag","embeddable":true,"href":"https:\/\/icac.cat\/es\/wp-json\/wp\/v2\/tags?post=6156"}],"curies":[{"name":"wp","href":"https:\/\/api.w.org\/{rel}","templated":true}]}}