{"id":6158,"date":"2014-10-20T13:07:24","date_gmt":"2014-10-20T13:07:24","guid":{"rendered":"http:\/\/www.icac.cat\/?post_type=post&#038;p=6158"},"modified":"2015-07-06T16:58:23","modified_gmt":"2015-07-06T16:58:23","slug":"localitzats-de-nou-labsis-de-la-basilica-de-sant-fructuos-i-la-tomba-dels-martirs","status":"publish","type":"post","link":"https:\/\/icac.cat\/es\/actualitat\/noticies\/2014\/localitzats-de-nou-labsis-de-la-basilica-de-sant-fructuos-i-la-tomba-dels-martirs\/","title":{"rendered":"Localitzats de nou l&#8217;absis de la bas\u00edlica de Sant Fructu\u00f3s i la tomba dels m\u00e0rtirs"},"content":{"rendered":"<p>&nbsp;<\/p>\n<p>&nbsp;<\/p>\n<p style=\"text-align: right;\"><em>Andreu Mu\u00f1oz, Josep M. Macias i Imma Teixell.<\/em><\/p>\n<p><a href=\"https:\/\/icac.cat\/wp-content\/uploads\/images\/foto_doc\/excavacions\/absis\/6.jpg\" target=\"_blank\"><img style=\"float: right;\" src=\"https:\/\/icac.cat\/wp-content\/uploads\/images\/foto_doc\/excavacions\/absis\/6.jpg\" alt=\"\" width=\"220\"><\/a><\/p>\n<p>&nbsp;<\/p>\n<p>Tornar a localitzar els fonaments de l&#8217;absis de la bas\u00edlica paleocristiana de Sant Fructu\u00f3s de Tarragona i de la tomba que hauria contingut les restes dels m\u00e0rtirs Fructu\u00f3s, Auguri i Eulogi, com ja va documentar Mn. Serra i Vilar\u00f3 fa quasi 90 anys.<\/p>\n<p>&nbsp;<\/p>\n<p>Aquests s\u00f3n els principals resultats de la intervenci\u00f3 arqueol\u00f2gica duta a terme a la zona de la Tabacalera de Tarragona per l&#8217;ICAC, l&#8217;Arquebisbat de Tarragona i l\u2019Ajuntament de Tarragona, amb el suport econ\u00f2mic de l\u2019Autoritat Portu\u00e0ria de Tarragona.<\/p>\n<p>&nbsp;<\/p>\n<p>Un cop fet un estudi exhaustiu de les restes, es protegiran i es tornaran a tapar per assegurar-ne la conservaci\u00f3.<\/p>\n<p style=\"text-align: right;\">&nbsp;<\/p>\n<p>Ho han explicat en roda de premsa el 20 d&#8217;octubre els directors del projecte, <a href=\"https:\/\/icac.cat\/?author=18\" target=\"_blank\"><strong>Josep M. Macias<\/strong><\/a> (investigador de l\u2019ICAC), <strong><a href=\"https:\/\/icac.cat\/?author=89\" target=\"_blank\">Andreu Mu\u00f1oz<\/a><\/strong> (Museu B\u00edblic Tarraconense\/Arquebisbat de Tarragona, i investigador adscrit de l\u2019ICAC) i <strong><a href=\"https:\/\/icac.cat\/?author=102\" target=\"_blank\">Imma Teixell<\/a><\/strong> (Conselleria de Patrimoni Hist\u00f2ric de l\u2019Ajuntament de Tarragona, i investigadora adscrita de l\u2019ICAC).<\/p>\n<p>&nbsp;<\/p>\n<p>&nbsp;<\/p>\n<h5>Jornada de portes obertes: 2 de novembre<\/h5>\n<p style=\"text-align: right;\"><em>&nbsp;Roda de premsa a peu d&#8217;excavaci\u00f3.<\/em><\/p>\n<p><a href=\"https:\/\/icac.cat\/wp-content\/uploads\/images\/foto_doc\/excavacions\/absis\/9.jpg\" target=\"_blank\"><img style=\"float: right;\" src=\"https:\/\/icac.cat\/wp-content\/uploads\/images\/foto_doc\/excavacions\/absis\/9.jpg\" alt=\"\" width=\"220\"><\/a>D&#8217;altra banda, el diumenge <strong>2 de novembre<\/strong> del 2014, entre les 10 i les 14 hores, tindr\u00e0 lloc una <strong>jornada de portes obertes<\/strong> per poder visitar les restes. Amb la col\u00b7laboraci\u00f3 del Museu Nacional Arqueol\u00f2gic de Tarragona es far\u00e0 un recorregut que s&#8217;iniciar\u00e0 per l&#8217;entrada de la necr\u00f2polis paleocristiana (carrer de Ramon y Cajal) i s\u2019utilitzaran els passos soterrats entre el MNAT i la f\u00e0brica de tabacs, la Tabacalera, per accedir a la cripta dels Arcs i a l&#8217;excavaci\u00f3, que encara romandr\u00e0 oberta.<\/p>\n<p>&nbsp;<a href=\"https:\/\/icac.cat\/wp-content\/uploads\/images\/pdf_doc\/invitacions\/jpo_basilica.pdf\" target=\"_blank\"><img loading=\"lazy\" src=\"https:\/\/icac.cat\/wp-content\/uploads\/images\/stories\/list_checkbox_big.png\" alt=\"\" width=\"35\" height=\"39\"> Tr\u00edptic jornada portes obertes<\/a><\/p>\n<p>&nbsp;<\/p>\n<p>&nbsp;<\/p>\n<p>Reportatges televisius de la visita<\/p>\n<p>&nbsp;<\/p>\n<p>TAC12: <strong><a href=\"http:\/\/tac12.xiptv.cat\/municipi\/tarragona\/tac-tarragona\/capitol\/els-tarragonins-s-x27-interesen-pel-la-basilica-de-sant-fructuos\" target=\"_blank\">Els tarragonins s&#8217;interessen per la bas\u00edlica de Sant Fructu\u00f3s<\/a><\/strong> (3\/11\/2014)<br \/>TV3 Comarques: <a href=\"http:\/\/www.tv3.cat\/videos\/5322053\/portes-obertes-sant-fructuos\" target=\"_blank\"><strong>Portes obertes Sant Fructu\u00f3s<\/strong><\/a> (3\/11\/2014)<\/p>\n<p>&nbsp;<\/p>\n<p>&nbsp;<\/p>\n<p>&nbsp;<a href=\"https:\/\/icac.cat\/wp-content\/uploads\/images\/foto_doc\/excavacions\/absis\/7.jpg\" target=\"_blank\"><img src=\"https:\/\/icac.cat\/wp-content\/uploads\/images\/foto_doc\/excavacions\/absis\/7.jpg\" alt=\"\" width=\"220\"><\/a>&nbsp;&nbsp;&nbsp;&nbsp; <a href=\"https:\/\/icac.cat\/wp-content\/uploads\/images\/foto_doc\/excavacions\/absis\/8.jpg\" target=\"_blank\"><img src=\"https:\/\/icac.cat\/wp-content\/uploads\/images\/foto_doc\/excavacions\/absis\/8.jpg\" alt=\"\" width=\"220\"><\/a><\/p>\n<p style=\"text-align: left;\"><em>Vista de l&#8217;absis reexcavat (esquerra) i sepulcre que hauria contingut les restes dels tres m\u00e0rtirs.<\/em><\/p>\n<p style=\"text-align: left;\">&nbsp;<\/p>\n<p style=\"text-align: left;\">&nbsp;<\/p>\n<h5>\u00ab\u00c0rea de cementiri i de culte martirial excepcional\u00bb<\/h5>\n<p>&nbsp;<\/p>\n<p>En concret, despr\u00e9s de quinze dies de treball intens, s\u2019han tornat a localitzar <strong>l&#8217;estructura absidial<\/strong> de la bas\u00edlica de Sant Fructu\u00f3s i la <strong>tomba n\u00fam. 24<\/strong>, documentada aix\u00ed per Mn. Serra i Vilar\u00f3 fa 87 anys i identificada amb la tomba martirial on va ser dipositades les despulles dels tres m\u00e0rtirs cremats vius a l&#8217;amfiteatre l&#8217;any 259: el bisbe de T\u00e0rraco Fructu\u00f3s i dels seus diaques, Auguri i Eulogi. Unes despulles, per\u00f2, que el segle VII, amb la invasi\u00f3 araboberber, es van dispersar per la geografia mediterr\u00e0nia, com ara a l&#8217;abadia de San Fruttuoso di Capodimonte, a It\u00e0lia.<\/p>\n<p style=\"text-align: right;\"><em>&nbsp;<\/em><\/p>\n<p><a href=\"https:\/\/icac.cat\/wp-content\/uploads\/images\/foto_doc\/excavacions\/absis\/3.jpg\" target=\"_blank\"><img style=\"float: right;\" src=\"https:\/\/icac.cat\/wp-content\/uploads\/images\/foto_doc\/excavacions\/absis\/3.jpg\" alt=\"\" width=\"220\"><\/a>La intervenci\u00f3, que de fet \u00e9s una reexcavaci\u00f3, ha perm\u00e8s comprovar l\u2019exist\u00e8ncia de la bas\u00edlica de Sant Fructu\u00f3s, verificar-ne l\u2019estat de conservaci\u00f3 i la rellev\u00e0ncia com un dels primers vestigis paleocristians de l\u2019Europa occidental. Segons Andreu Mu\u00f1oz, \u00e9s \u00abun <em>unicum<\/em> que no es troba enlloc fora de Roma\u00bb, i afegeix: \u00abEl redescobriment de l&#8217;absis i de la tomba sacra vol dir que la bas\u00edlica paleocristiana de Sant Fructu\u00f3s tamb\u00e9 podria ser reexcavada, recuperada i associada a la necr\u00f2polis\u00bb.<\/p>\n<p>&nbsp;<\/p>\n<p>Al seu parer, juntament amb la necr\u00f2polis, la bas\u00edlica nord (al Parc Central) i tot el material museogr\u00e0fic (sarc\u00f2fags, aixovars, etc.), \u00abconstitueix una <strong>\u00e0rea de cementiri i de culte martirial excepcional<\/strong>\u00ab.<\/p>\n<p style=\"text-align: right;\">&nbsp;<\/p>\n<p>D&#8217;altra banda, els treballs tamb\u00e9 han incl\u00f2s la neteja i la documentaci\u00f3 fotogram\u00e8trica de la cripta dels Arcs (<strong>foto<\/strong>).<\/p>\n<p>&nbsp;<\/p>\n<h5>&nbsp;<\/h5>\n<h5>Refer\u00e8ncia hist\u00f2rica<\/h5>\n<p>&nbsp;<\/p>\n<p><a href=\"https:\/\/icac.cat\/wp-content\/uploads\/images\/foto_doc\/excavacions\/absis\/5.jpg\" target=\"_blank\"><img style=\"float: right;\" src=\"https:\/\/icac.cat\/wp-content\/uploads\/images\/foto_doc\/excavacions\/absis\/5.jpg\" alt=\"\" width=\"180\"><\/a>Entre 1926 i 1933 l\u2019arque\u00f2leg i moss\u00e8n Joan Serra i Vilar\u00f3 va excavar als terrenys de la F\u00e0brica de Tabacs. Va documentar una bas\u00edlica constru\u00efda a partir d\u2019una tomba sagrada, l\u2019esgl\u00e9sia m\u00e9s antiga coneguda a Tarragona. La tomba quedava al mig de la cap\u00e7alera de l\u2019esgl\u00e9sia i a sobre hi havia l\u2019altar eucar\u00edstic. Les evid\u00e8ncies arqueol\u00f2giques documentades per Mn. Serra i Vilar\u00f3 li van fer concloure que en aquest sepulcre s\u2019hi van enterrar les despulles martirials del bisbe de T\u00e0rraco, Fructu\u00f3s, i dels seus diaques, Auguri i Eulogi, cremats vius a l\u2019amfiteatre l\u2019any 259.<\/p>\n<p>&nbsp;<\/p>\n<p>M\u00e9s endavant, a finals del segle IV o inicis del V, amb l\u2019oficialitzaci\u00f3 del cristianisme, la tomba es monumentalitza amb la construcci\u00f3 de la bas\u00edlica. Feia uns 39 x 18,50 metres, i presentava un absis semicircular flanquejat per dues estances amb funcions funer\u00e0ries i de sagristia. Una d\u2019aquestes dues estances \u00e9s la Cripta dels Arcs. La bas\u00edlica tenia tres naus, transsepte i un contraabsis als peus de la bas\u00edlica. En el subs\u00f2l de les naus hi havia nombrosos enterraments. A la bas\u00edlica tamb\u00e9 se li adossaven alguns mausoleus funeraris. Els fidels es volien inhumar en aquest espai eclesial o prop d\u2019ell, a tocar de la tomba martirial.<\/p>\n<p>&nbsp;<\/p>\n<p>En finalitzar les intervencions de Mn. Serra i Vilar\u00f3, les restes de la bas\u00edlica van quedar colgades. No se sabia si, amb la construcci\u00f3 de la Tabacalera, s\u2019havien conservat o destru\u00eft. Per aix\u00f2 aquest era un dels objectius de la intervenci\u00f3 actual.<\/p>\n<p>&nbsp;<\/p>\n<p><strong>A la imatge<\/strong> de la dreta es veu l&#8217;aspecte dels fonaments de l\u2019absis en les excavacions dels anys 30 i la ubicaci\u00f3 de l\u2019absis (n\u00fam. 1) en la planimetria de la bas\u00edlica (extret del llibre <em>La T\u00e0rraco dels primers cristians<\/em>, d\u2019Andreu Mu\u00f1oz).<\/p>\n<p>&nbsp;<\/p>\n<p>&nbsp;<\/p>\n<p style=\"text-align: right;\">&nbsp;&nbsp;&nbsp;&nbsp;&nbsp; <em>L&#8217;equip.<\/em><\/p>\n<h5><a href=\"https:\/\/icac.cat\/wp-content\/uploads\/images\/foto_doc\/excavacions\/absis\/1.jpg\" target=\"_blank\"><img style=\"float: right;\" src=\"https:\/\/icac.cat\/wp-content\/uploads\/images\/foto_doc\/excavacions\/absis\/1.jpg\" alt=\"\" width=\"220\"><\/a>M\u00e9s informaci\u00f3<\/h5>\n<p>&nbsp;<\/p>\n<p><a href=\"http:\/\/www.youtube.com\/watch?v=zi5l97e4WEA&amp;feature=youtu.be\" target=\"_blank\"><strong>Intervenci\u00f3 arqueol\u00f2gica a la Bas\u00edlica de Sant Fructu\u00f3s<\/strong><\/a> (v\u00eddeo, Arquebisbat de Tarragona)<\/p>\n<p>&nbsp;<\/p>\n<p><strong><a href=\"https:\/\/icac.cat\/?p=6133\" target=\"_blank\">L&#8217;ICAC excava l&#8217;absis de la bas\u00edlica de Sant Fructu\u00f3s<\/a><br \/><\/strong><\/p>\n<p>&nbsp;<\/p>\n<p><a href=\"http:\/\/www.tarragonaradio.cat\/contingut_programa\/toquem_pedra_dimecres_08_doctubre\/1\/838\/6764\" target=\"_blank\"><strong><em>Toquem pedra<\/em>, programa radiof\u00f2nic monogr\u00e0fic enregistrat <em>in situ<\/em><\/strong><\/a> (8\/10\/2014)<\/p>\n<p>&nbsp;<\/p>\n<p><a href=\"http:\/\/www.tarragona21.com\/una-intervencio-necessaria\/\" target=\"_blank\"><strong>Una intervenci\u00f3 necess\u00e0ria<\/strong><\/a>, article de Jordi L\u00f3pez Vilar (ICAC) (13\/10\/2014)<\/p>\n<p>&nbsp;<\/p>\n<p>&nbsp;<\/p>\n","protected":false},"excerpt":{"rendered":"<p><a href=\"https:\/\/icac.cat\/wp-content\/uploads\/images\/foto_doc\/excavacions\/absis\/6.jpg\" target=\"_blank\"><img style=\"float: right;\" src=\"https:\/\/icac.cat\/wp-content\/uploads\/images\/foto_doc\/excavacions\/absis\/6.jpg\" alt=\"\" width=\"100\"><\/a>La intervenci\u00f3 en aquest vestigi paloecristi\u00e0 de T\u00e0rraco, feta per l&#8217;ICAC, l&#8217;Arquebisbat i l\u2019Ajuntament de Tarragona, proposa una<br \/>\n<strong>jornada de portes obertes<\/strong> el 2 de novembre.<\/p>\n","protected":false},"author":1,"featured_media":0,"comment_status":"closed","ping_status":"closed","sticky":false,"template":"","format":"standard","meta":{"_genesis_hide_title":false,"_genesis_hide_breadcrumbs":false,"_genesis_hide_singular_image":false,"_genesis_hide_footer_widgets":false,"_genesis_custom_body_class":"","_genesis_custom_post_class":"","_genesis_layout":""},"categories":[1],"tags":[],"_links":{"self":[{"href":"https:\/\/icac.cat\/es\/wp-json\/wp\/v2\/posts\/6158"}],"collection":[{"href":"https:\/\/icac.cat\/es\/wp-json\/wp\/v2\/posts"}],"about":[{"href":"https:\/\/icac.cat\/es\/wp-json\/wp\/v2\/types\/post"}],"author":[{"embeddable":true,"href":"https:\/\/icac.cat\/es\/wp-json\/wp\/v2\/users\/1"}],"replies":[{"embeddable":true,"href":"https:\/\/icac.cat\/es\/wp-json\/wp\/v2\/comments?post=6158"}],"version-history":[{"count":1,"href":"https:\/\/icac.cat\/es\/wp-json\/wp\/v2\/posts\/6158\/revisions"}],"predecessor-version":[{"id":8574,"href":"https:\/\/icac.cat\/es\/wp-json\/wp\/v2\/posts\/6158\/revisions\/8574"}],"wp:attachment":[{"href":"https:\/\/icac.cat\/es\/wp-json\/wp\/v2\/media?parent=6158"}],"wp:term":[{"taxonomy":"category","embeddable":true,"href":"https:\/\/icac.cat\/es\/wp-json\/wp\/v2\/categories?post=6158"},{"taxonomy":"post_tag","embeddable":true,"href":"https:\/\/icac.cat\/es\/wp-json\/wp\/v2\/tags?post=6158"}],"curies":[{"name":"wp","href":"https:\/\/api.w.org\/{rel}","templated":true}]}}