{"id":6186,"date":"2014-11-07T11:10:43","date_gmt":"2014-11-07T11:10:43","guid":{"rendered":"http:\/\/www.icac.cat\/?post_type=post&#038;p=6186"},"modified":"2015-07-06T16:58:23","modified_gmt":"2015-07-06T16:58:23","slug":"conferencia-sobre-les-amfores-de-can-taco-turo-den-roina","status":"publish","type":"post","link":"https:\/\/icac.cat\/es\/actualitat\/noticies\/2014\/conferencia-sobre-les-amfores-de-can-taco-turo-den-roina\/","title":{"rendered":"Confer\u00e8ncia sobre les \u00e0mfores de Can Tac\u00f3 \/Tur\u00f3 d&#8217;en Roina"},"content":{"rendered":"<p>&nbsp;<\/p>\n<p>&nbsp;<\/p>\n<p>&nbsp;<\/p>\n<p><img src=\"https:\/\/icac.cat\/wp-content\/uploads\/images\/stories\/gal.leria\/taco\/monsobs.jpg\" alt=\"\" width=\"400\"><\/p>\n<p>&nbsp;<\/p>\n<p><strong><a href=\"http:\/\/www.monsobservans.cat\/wp-content\/uploads\/conferenciaAmfores.pdf\" target=\"_blank\">\u201cLes \u00e0mfores de l\u2019assentament rom\u00e0 Can Tac\u00f3\/Tur\u00f3 d\u2019en Roina\u201d<\/a><\/strong>&nbsp;\u00e9s el t\u00edtol de la confer\u00e8ncia que els doctors Josep Guitart (UAB-ICAC) i C\u00e9sar Carreras (UAB) fan el diumenge 16 de novembre del 2014 a les 11 hores al mateix jaciment de Montmel\u00f3 i Montorn\u00e8s del Vall\u00e8s.<\/p>\n<p>&nbsp;<\/p>\n<p>Es tracta d&#8217;una contribuci\u00f3 a l\u2019estudi de les xarxes comercials i de les infraestructures de transport a l\u2019\u00e8poca romana republicana.<br \/>&nbsp;<\/p>\n<p>Can Tac\u00f3-Tur\u00f3 d&#8217;en Roina \u00e9s un jaciment clau del primer moment de la romanitzaci\u00f3. Declarat B\u00e9 Cultural d&#8217;Inter\u00e8s Nacional el 2008, compta amb el suport i tutela cient\u00edfica de l\u2019Institut Catal\u00e0 d\u2019Arqueologia Cl\u00e0ssica. Fruit d&#8217;un llarg proc\u00e9s d&#8217;estudi i posada en valor, el 2012 es va inaugurar com a parc arqueol\u00f2gic Mons Observans.<\/p>\n<p>&nbsp;<\/p>\n<h4>&nbsp;<\/h4>\n<h4>Entrevistes relacionades<\/h4>\n<p>&nbsp;<\/p>\n<p>&#8211; Josep Guitart i Esther Rodrigo a Tarragona R\u00e0dio, espai <a href=\"http:\/\/www.tarragonaradio.cat\/contingut_programa\/toquem_pedra_dimecres_19_de_febrer\/1\/838\/5133\" target=\"_blank\"><strong><em>Toquem pedra<\/em> <\/strong><\/a>(19\/2\/2014)<\/p>\n<p>&nbsp;<\/p>\n<p>&#8211; Esther Rodrigo i Josep Guitart: <a href=\"https:\/\/icac.cat\/?p=5459\" target=\"_blank\"><strong>\u00abHem trobat restes de possibles rituals als fonaments de Can Tac\u00f3\u201d<\/strong><\/a><\/p>\n<p>&#8211; Esther Rodrigo i Josep Guitart: \u00ab<a href=\"https:\/\/icac.cat\/?p=5176\" target=\"_blank\"><strong>Amb Mons observans tanquem el cercle: passem del jaciment a la infraestructura cultural\u201d<\/strong><\/a><\/p>\n<p>&nbsp;<\/p>\n<p>&nbsp;<\/p>\n","protected":false},"excerpt":{"rendered":"<p>A c\u00e0rrec de Josep Guitart i C\u00e8sar Carreras, diumenge 16 de novembre en aquest jaciment rom\u00e0 de Montmel\u00f3 i Montorn\u00e8s del Vall\u00e8s.<\/p>\n","protected":false},"author":1,"featured_media":0,"comment_status":"closed","ping_status":"closed","sticky":false,"template":"","format":"standard","meta":{"_genesis_hide_title":false,"_genesis_hide_breadcrumbs":false,"_genesis_hide_singular_image":false,"_genesis_hide_footer_widgets":false,"_genesis_custom_body_class":"","_genesis_custom_post_class":"","_genesis_layout":""},"categories":[1],"tags":[],"_links":{"self":[{"href":"https:\/\/icac.cat\/es\/wp-json\/wp\/v2\/posts\/6186"}],"collection":[{"href":"https:\/\/icac.cat\/es\/wp-json\/wp\/v2\/posts"}],"about":[{"href":"https:\/\/icac.cat\/es\/wp-json\/wp\/v2\/types\/post"}],"author":[{"embeddable":true,"href":"https:\/\/icac.cat\/es\/wp-json\/wp\/v2\/users\/1"}],"replies":[{"embeddable":true,"href":"https:\/\/icac.cat\/es\/wp-json\/wp\/v2\/comments?post=6186"}],"version-history":[{"count":1,"href":"https:\/\/icac.cat\/es\/wp-json\/wp\/v2\/posts\/6186\/revisions"}],"predecessor-version":[{"id":8565,"href":"https:\/\/icac.cat\/es\/wp-json\/wp\/v2\/posts\/6186\/revisions\/8565"}],"wp:attachment":[{"href":"https:\/\/icac.cat\/es\/wp-json\/wp\/v2\/media?parent=6186"}],"wp:term":[{"taxonomy":"category","embeddable":true,"href":"https:\/\/icac.cat\/es\/wp-json\/wp\/v2\/categories?post=6186"},{"taxonomy":"post_tag","embeddable":true,"href":"https:\/\/icac.cat\/es\/wp-json\/wp\/v2\/tags?post=6186"}],"curies":[{"name":"wp","href":"https:\/\/api.w.org\/{rel}","templated":true}]}}