{"id":6323,"date":"2015-02-18T12:30:08","date_gmt":"2015-02-18T12:30:08","guid":{"rendered":"http:\/\/www.icac.cat\/?post_type=post&#038;p=6323"},"modified":"2015-07-06T16:58:21","modified_gmt":"2015-07-06T16:58:21","slug":"licac-membre-del-consell-assessor-del-patrimoni-de-tarragona","status":"publish","type":"post","link":"https:\/\/icac.cat\/es\/actualitat\/noticies\/2015\/licac-membre-del-consell-assessor-del-patrimoni-de-tarragona\/","title":{"rendered":"L&#8217;ICAC, membre del Consell Assessor del Patrimoni de Tarragona"},"content":{"rendered":"<p>&nbsp;<\/p>\n<p>&nbsp;<\/p>\n<p>&nbsp;<\/p>\n<p>L&#8217;11 de febrer del 2015 es va constituir el <strong>Consell Assessor del Patrimoni Historicoart\u00edstic<\/strong> de la ciutat de Tarragona, del qual forma part l&#8217;ICAC.<\/p>\n<p>&nbsp;<\/p>\n<p>Tamb\u00e9 l&#8217;integren els representants de diferents <strong>organismes t\u00e8cnics i pol\u00edtics<\/strong> amb representaci\u00f3 municipal, a m\u00e9s del Col\u00b7legi d\u2019Arquitectes, l\u2019Arquebisbat de Tarragona i la Real Societat Arqueol\u00f2gica Tarraconense.<\/p>\n<p>&nbsp;<\/p>\n<p>El Consell \u00e9s un \u00f2rgan de participaci\u00f3 que t\u00e9 com a objectius principals debatre i analitzar aquelles q\u00fcestions d\u2019inter\u00e8s general per al patrimoni i proposar a l\u2019Ajuntament solucions als problemes que es plantegen.<\/p>\n<p>&nbsp;<\/p>\n<p>El grup d\u2019experts i responsables constitu\u00eft es reunir\u00e0 dues vegades l\u2019any per avaluar el seguiment dels diferents temes oberts i per emetre els informes pertinents i proposar accions concretes.<\/p>\n<p><a href=\"http:\/\/www.tarragona.cat\/patrimoni\/noticies\/es-constitueix-el-consell-assessor-del-patrimoni-historicoartistic#search=%22%22\" target=\"_blank\"><strong>&nbsp;<\/strong><\/a><\/p>\n<p><a href=\"http:\/\/www.tarragona.cat\/patrimoni\/noticies\/es-constitueix-el-consell-assessor-del-patrimoni-historicoartistic#search=%22%22\" target=\"_blank\"><strong>M\u00e9s informaci\u00f3<\/strong><\/a><\/p>\n<p>&nbsp;<\/p>\n","protected":false},"excerpt":{"rendered":"<p>L&#8217;<br \/>\n<strong>11 de febrer<\/strong> es va constituir aquest organisme, integrat per diverses institucions.<\/p>\n","protected":false},"author":1,"featured_media":0,"comment_status":"closed","ping_status":"closed","sticky":false,"template":"","format":"standard","meta":{"_genesis_hide_title":false,"_genesis_hide_breadcrumbs":false,"_genesis_hide_singular_image":false,"_genesis_hide_footer_widgets":false,"_genesis_custom_body_class":"","_genesis_custom_post_class":"","_genesis_layout":""},"categories":[1],"tags":[],"_links":{"self":[{"href":"https:\/\/icac.cat\/es\/wp-json\/wp\/v2\/posts\/6323"}],"collection":[{"href":"https:\/\/icac.cat\/es\/wp-json\/wp\/v2\/posts"}],"about":[{"href":"https:\/\/icac.cat\/es\/wp-json\/wp\/v2\/types\/post"}],"author":[{"embeddable":true,"href":"https:\/\/icac.cat\/es\/wp-json\/wp\/v2\/users\/1"}],"replies":[{"embeddable":true,"href":"https:\/\/icac.cat\/es\/wp-json\/wp\/v2\/comments?post=6323"}],"version-history":[{"count":1,"href":"https:\/\/icac.cat\/es\/wp-json\/wp\/v2\/posts\/6323\/revisions"}],"predecessor-version":[{"id":8522,"href":"https:\/\/icac.cat\/es\/wp-json\/wp\/v2\/posts\/6323\/revisions\/8522"}],"wp:attachment":[{"href":"https:\/\/icac.cat\/es\/wp-json\/wp\/v2\/media?parent=6323"}],"wp:term":[{"taxonomy":"category","embeddable":true,"href":"https:\/\/icac.cat\/es\/wp-json\/wp\/v2\/categories?post=6323"},{"taxonomy":"post_tag","embeddable":true,"href":"https:\/\/icac.cat\/es\/wp-json\/wp\/v2\/tags?post=6323"}],"curies":[{"name":"wp","href":"https:\/\/api.w.org\/{rel}","templated":true}]}}