{"id":6355,"date":"2015-03-18T09:42:36","date_gmt":"2015-03-18T09:42:36","guid":{"rendered":"http:\/\/www.icac.cat\/?post_type=post&#038;p=6355"},"modified":"2015-07-06T16:58:21","modified_gmt":"2015-07-06T16:58:21","slug":"portes-obertes-al-jaciment-de-sant-pau-de-riu-sec","status":"publish","type":"post","link":"https:\/\/icac.cat\/es\/actualitat\/noticies\/2015\/portes-obertes-al-jaciment-de-sant-pau-de-riu-sec\/","title":{"rendered":"Portes obertes al jaciment de Sant Pau de Riu-sec"},"content":{"rendered":"<p>&nbsp;<\/p>\n<p>&nbsp;<\/p>\n<p>&nbsp;<\/p>\n<p>El diumenge <strong>22 de mar\u00e7<\/strong> del 2015 el jaciment de Sant Pau de Riu-sec, a Sabadell (Vall\u00e8s Occidental), organitza una <a href=\"https:\/\/icac.cat\/wp-content\/uploads\/images\/pdf_doc\/jornades\/15riusec.pdf\" target=\"_blank\"><strong>jornada de portes obertes<\/strong><\/a>.<\/p>\n<p>&nbsp;<\/p>\n<p>&nbsp;<\/p>\n<p>D\u2019en\u00e7\u00e0 l\u2019any 2010, les intervencions arqueol\u00f2giques s\u2019emmarquen dins del <strong>Pla Director d\u2019Actuacions al Jaciment Arqueol\u00f2gic de Sant Pau de Riu-sec<\/strong>, impulsat per l\u2019Ajuntament de Sabadell, la Universitat Aut\u00f2noma de Barcelona i l\u2019Institut Catal\u00e0 d\u2019Arqueologia Cl\u00e0ssica.<\/p>\n<p>&nbsp;<\/p>\n<p>&nbsp;<\/p>\n<p>Els treballs duts a terme fins ara en el<strong> conjunt arquitect\u00f2nic i patrimonial<\/strong> de <a href=\"http:\/\/ca.sabadell.cat\/Oficinadelpatrimoni\/p\/riusec_cat.asp\" target=\"_blank\"><strong>Sant Pau de Riu-sec<\/strong><\/a> al llarg dels darrers 35 anys han perm\u00e8s excavar parcialment un extens i potent<strong> jaciment de quasi 6.000 m2<\/strong>, amb importants restes arqueol\u00f2giques i una seq\u00fc\u00e8ncia evolutiva de m\u00e9s de <strong>2.000 anys d\u2019hist\u00f2ria<\/strong> de forma quasi ininterrompuda. S&#8217;hi han identificat les fases d&#8217;ocupaci\u00f3 seg\u00fcents:<\/p>\n<p>&nbsp;<\/p>\n<p>&#8211; una <strong>vil\u00b7la romana d\u2019\u00e8poca republicana<\/strong> (segle I aC) que es ref\u00e0 i s\u2019amplia en \u00e8poca imperial (segles I-II dC)<\/p>\n<p>&#8211; un <strong>assentament carolingi<\/strong> amb necr\u00f2polis (segle IX-X)<\/p>\n<p>&#8211; l\u2019<strong>esgl\u00e9sia rom\u00e0nica<\/strong> (segle XI) que t\u00e9 una continu\u00eftat parroquial i cementirial fins a l\u2019\u00e8poca moderna<\/p>\n<p>&#8211; una <strong>granja templera<\/strong> que data entre finals del segle XII i inici del segle XIV.<\/p>\n<p>&nbsp;<\/p>\n<p>&nbsp;<\/p>\n<p>D\u2019en\u00e7\u00e0 l\u2019any 2010, les intervencions arqueol\u00f2giques s\u2019emmarquen dins del <strong>Pla Director d\u2019Actuacions al Jaciment Arqueol\u00f2gic de Sant Pau de Riu-sec<\/strong>, impulsat per l\u2019Ajuntament de Sabadell, la Universitat Aut\u00f2noma de Barcelona i l\u2019Institut Catal\u00e0 d\u2019Arqueologia Cl\u00e0ssica.<\/p>\n<p>&nbsp;<\/p>\n<p>&nbsp;<\/p>\n<h5>M\u00e9s informaci\u00f3<\/h5>\n<p>&nbsp;<\/p>\n<p>Reportatge<a href=\"http:\/\/www.ccma.cat\/tv3\/alacarta\/telenoticies-comarques\/rehabilitacio-esglesia-romanica-sant-pau-de-riu-sec-a-sabadell\/video\/5490228\/\" target=\"_blank\"><strong> Rehabilitaci\u00f3 esgl\u00e9sia rom\u00e0nica Sant Pau de Riu Sec a Sabadell<\/strong><\/a> (Telenot\u00edcies comarques, 25\/3\/2015)<\/p>\n<p>&nbsp;<\/p>\n<p>&nbsp;<\/p>\n<p>&nbsp;<\/p>\n","protected":false},"excerpt":{"rendered":"<p>El<br \/>\n<strong>22 de mar\u00e7<\/strong> est\u00e0 obert al p\u00fablic aquest jaciment de Sabadell, que t\u00e9 el suport cient\u00edfic de l&#8217;ICAC.<\/p>\n","protected":false},"author":1,"featured_media":0,"comment_status":"closed","ping_status":"closed","sticky":false,"template":"","format":"standard","meta":{"_genesis_hide_title":false,"_genesis_hide_breadcrumbs":false,"_genesis_hide_singular_image":false,"_genesis_hide_footer_widgets":false,"_genesis_custom_body_class":"","_genesis_custom_post_class":"","_genesis_layout":""},"categories":[1],"tags":[],"_links":{"self":[{"href":"https:\/\/icac.cat\/es\/wp-json\/wp\/v2\/posts\/6355"}],"collection":[{"href":"https:\/\/icac.cat\/es\/wp-json\/wp\/v2\/posts"}],"about":[{"href":"https:\/\/icac.cat\/es\/wp-json\/wp\/v2\/types\/post"}],"author":[{"embeddable":true,"href":"https:\/\/icac.cat\/es\/wp-json\/wp\/v2\/users\/1"}],"replies":[{"embeddable":true,"href":"https:\/\/icac.cat\/es\/wp-json\/wp\/v2\/comments?post=6355"}],"version-history":[{"count":1,"href":"https:\/\/icac.cat\/es\/wp-json\/wp\/v2\/posts\/6355\/revisions"}],"predecessor-version":[{"id":8511,"href":"https:\/\/icac.cat\/es\/wp-json\/wp\/v2\/posts\/6355\/revisions\/8511"}],"wp:attachment":[{"href":"https:\/\/icac.cat\/es\/wp-json\/wp\/v2\/media?parent=6355"}],"wp:term":[{"taxonomy":"category","embeddable":true,"href":"https:\/\/icac.cat\/es\/wp-json\/wp\/v2\/categories?post=6355"},{"taxonomy":"post_tag","embeddable":true,"href":"https:\/\/icac.cat\/es\/wp-json\/wp\/v2\/tags?post=6355"}],"curies":[{"name":"wp","href":"https:\/\/api.w.org\/{rel}","templated":true}]}}