{"id":6448,"date":"2015-06-08T13:02:41","date_gmt":"2015-06-08T13:02:41","guid":{"rendered":"http:\/\/www.icac.cat\/?post_type=post&#038;p=6448"},"modified":"2015-07-06T16:58:20","modified_gmt":"2015-07-06T16:58:20","slug":"representacio-de-la-passio-de-sant-fructuos-amb-licac","status":"publish","type":"post","link":"https:\/\/icac.cat\/es\/actualitat\/noticies\/2015\/representacio-de-la-passio-de-sant-fructuos-amb-licac\/","title":{"rendered":"Representaci\u00f3 de la passi\u00f3 de Sant Fructu\u00f3s, amb l&#8217;ICAC"},"content":{"rendered":"<p>&nbsp;<\/p>\n<p>&nbsp;<\/p>\n<p>&nbsp;<\/p>\n<p>La representaci\u00f3 <strong>\u00abLa passi\u00f3 de Sant Fructu\u00f3s\u00bb<\/strong> es pot veure a Tarragona els dies 10, 11 i 12 de juliol del 2015, amb la col\u00b7laboraci\u00f3 de l&#8217;ICAC.<\/p>\n<p>&nbsp;<\/p>\n<p>L&#8217;obra es basa en fets reals: el <strong>proc\u00e9s martirial del bisbe de T\u00e0rraco, Fructu\u00f3s, i dels seus diaques, Auguri i Eulogi<\/strong>, cremats vius a l&#8217;amfiteatre de Tarragona, l&#8217;any<strong> 259 dC<\/strong>, sota la persecuci\u00f3 dels emperadors romans Valeri\u00e0 i Gal\u00b7li\u00e8.<\/p>\n<p>&nbsp;<\/p>\n<p>Amb motiu del 25 anys de la representaci\u00f3, aquesta edici\u00f3 tindr\u00e0 lloc en tres espai i tres parts: el circ rom\u00e0, l&#8217;amfiteatre i necr\u00f2polis paleocristiana.<\/p>\n<h5>&nbsp;<\/h5>\n<h5>M\u00e9s informaci\u00f3<\/h5>\n<p>&nbsp;<\/p>\n<p><a href=\"http:\/\/www.acsantfructuos.cat\/\" target=\"_blank\"><strong>Associaci\u00f3 Cultural Sant Fructu\u00f3s<\/strong><\/a><\/p>\n<p><a href=\"http:\/\/www.tarragona.cat\/cultura\/agenda\/2015\/juliol\/la-passio-de-sant-fructuos\" target=\"_blank\"><strong>Tarragona Turisme<\/strong><\/a><\/p>\n","protected":false},"excerpt":{"rendered":"<p>Els dies<br \/>\n<strong>10, 11 i 12 de juliol<\/strong> es pot veure a Tarragona aquesta obra basada en el martiri del bisbe de T\u00e0rraco i dels diaques, el 259 dC.<\/p>\n","protected":false},"author":1,"featured_media":0,"comment_status":"closed","ping_status":"closed","sticky":false,"template":"","format":"standard","meta":{"_genesis_hide_title":false,"_genesis_hide_breadcrumbs":false,"_genesis_hide_singular_image":false,"_genesis_hide_footer_widgets":false,"_genesis_custom_body_class":"","_genesis_custom_post_class":"","_genesis_layout":""},"categories":[1],"tags":[],"_links":{"self":[{"href":"https:\/\/icac.cat\/es\/wp-json\/wp\/v2\/posts\/6448"}],"collection":[{"href":"https:\/\/icac.cat\/es\/wp-json\/wp\/v2\/posts"}],"about":[{"href":"https:\/\/icac.cat\/es\/wp-json\/wp\/v2\/types\/post"}],"author":[{"embeddable":true,"href":"https:\/\/icac.cat\/es\/wp-json\/wp\/v2\/users\/1"}],"replies":[{"embeddable":true,"href":"https:\/\/icac.cat\/es\/wp-json\/wp\/v2\/comments?post=6448"}],"version-history":[{"count":1,"href":"https:\/\/icac.cat\/es\/wp-json\/wp\/v2\/posts\/6448\/revisions"}],"predecessor-version":[{"id":8482,"href":"https:\/\/icac.cat\/es\/wp-json\/wp\/v2\/posts\/6448\/revisions\/8482"}],"wp:attachment":[{"href":"https:\/\/icac.cat\/es\/wp-json\/wp\/v2\/media?parent=6448"}],"wp:term":[{"taxonomy":"category","embeddable":true,"href":"https:\/\/icac.cat\/es\/wp-json\/wp\/v2\/categories?post=6448"},{"taxonomy":"post_tag","embeddable":true,"href":"https:\/\/icac.cat\/es\/wp-json\/wp\/v2\/tags?post=6448"}],"curies":[{"name":"wp","href":"https:\/\/api.w.org\/{rel}","templated":true}]}}