{"id":6465,"date":"2015-06-26T10:05:54","date_gmt":"2015-06-26T10:05:54","guid":{"rendered":"http:\/\/www.icac.cat\/?post_type=post&#038;p=6465"},"modified":"2015-07-07T13:56:32","modified_gmt":"2015-07-07T13:56:32","slug":"sessio-sobre-catul-i-el-vi-amb-el-director-de-licac","status":"publish","type":"post","link":"https:\/\/icac.cat\/es\/actualitat\/noticies\/2015\/sessio-sobre-catul-i-el-vi-amb-el-director-de-licac\/","title":{"rendered":"Sessi\u00f3 sobre Catul i el vi amb el director de l&#8217;ICAC"},"content":{"rendered":"<p><strong>\u201cCatul al celler de les aus\u201d<\/strong> \u00e9s el t\u00edtol de la sessi\u00f3 liter\u00e0ria i vin\u00edcola que far\u00e0<a href=\"https:\/\/icac.cat\/?author=95\" target=\"_blank\"><strong> Joan G\u00f3mez Pallar\u00e8s<\/strong><\/a>, director de l&#8217;ICAC, a Alella el dimarts <strong>30 de juny <\/strong>del 2015 a les 19.30 hores<\/p>\n<p>\u00c9s una sessi\u00f3 dins del <a href=\"http:\/\/www.alella.cat\/document.php?id=5484\" target=\"_blank\">Simposi literari i vin\u00edcola a la manera de la Gr\u00e8cia cl\u00e0ssica: Literatura amb els cinc sentits<\/a>, organitzat per l&#8217;Ajuntament d\u2019Alella.<\/p>\n<p>L&#8217;acte t\u00e9 lloc al Celler de les Aus (Cam\u00ed Baix de Tiana, s\/n, 08328 Alella, Maresme).<\/p>\n","protected":false},"excerpt":{"rendered":"<p>\u201cCatul al celler de les aus\u201d \u00e9s el t\u00edtol de la intervenci\u00f3 de Joan G\u00f3mez Pallar\u00e8s a Alella el<br \/>\n<strong>30 de juny<\/strong>.<\/p>\n","protected":false},"author":1,"featured_media":0,"comment_status":"closed","ping_status":"closed","sticky":false,"template":"","format":"standard","meta":{"_genesis_hide_title":false,"_genesis_hide_breadcrumbs":false,"_genesis_hide_singular_image":false,"_genesis_hide_footer_widgets":false,"_genesis_custom_body_class":"","_genesis_custom_post_class":"","_genesis_layout":""},"categories":[1],"tags":[],"_links":{"self":[{"href":"https:\/\/icac.cat\/es\/wp-json\/wp\/v2\/posts\/6465"}],"collection":[{"href":"https:\/\/icac.cat\/es\/wp-json\/wp\/v2\/posts"}],"about":[{"href":"https:\/\/icac.cat\/es\/wp-json\/wp\/v2\/types\/post"}],"author":[{"embeddable":true,"href":"https:\/\/icac.cat\/es\/wp-json\/wp\/v2\/users\/1"}],"replies":[{"embeddable":true,"href":"https:\/\/icac.cat\/es\/wp-json\/wp\/v2\/comments?post=6465"}],"version-history":[{"count":2,"href":"https:\/\/icac.cat\/es\/wp-json\/wp\/v2\/posts\/6465\/revisions"}],"predecessor-version":[{"id":9633,"href":"https:\/\/icac.cat\/es\/wp-json\/wp\/v2\/posts\/6465\/revisions\/9633"}],"wp:attachment":[{"href":"https:\/\/icac.cat\/es\/wp-json\/wp\/v2\/media?parent=6465"}],"wp:term":[{"taxonomy":"category","embeddable":true,"href":"https:\/\/icac.cat\/es\/wp-json\/wp\/v2\/categories?post=6465"},{"taxonomy":"post_tag","embeddable":true,"href":"https:\/\/icac.cat\/es\/wp-json\/wp\/v2\/tags?post=6465"}],"curies":[{"name":"wp","href":"https:\/\/api.w.org\/{rel}","templated":true}]}}