{"id":73476,"date":"2021-11-23T10:01:07","date_gmt":"2021-11-23T09:01:07","guid":{"rendered":"https:\/\/icac.cat\/?p=73476"},"modified":"2021-11-24T12:25:06","modified_gmt":"2021-11-24T11:25:06","slug":"eliminemos-la-violencia-contra-las-mujeres-las-mujeres-en-el-ambito-academico-y-la-investigacion","status":"publish","type":"post","link":"https:\/\/icac.cat\/es\/actualitat\/noticies\/2021\/eliminemos-la-violencia-contra-las-mujeres-las-mujeres-en-el-ambito-academico-y-la-investigacion\/","title":{"rendered":"\u00a1Eliminemos la violencia contra las mujeres en el \u00e1mbito acad\u00e9mico y la investigaci\u00f3n!"},"content":{"rendered":"<p>En motivo de la conmemoraci\u00f3n del <strong>D\u00eda Internacional para la Eliminaci\u00f3n de la Violencia contra las Mujeres<\/strong> (25 de noviembre), el <a href=\"https:\/\/icac.cat\/qui-som\/excel%C2%B7lencia-en-rh\/igualtat\/\" target=\"_blank\" rel=\"noopener\">Comit\u00e9 de Igualdad del ICAC<\/a> promueve distintas actividades para concienciar sobre la violencia de g\u00e9nero en la investigaci\u00f3n y el \u00e1mbito acad\u00e9mico.<\/p>\n<p>El mismo <strong>25N<\/strong> se har\u00e1 una lectura p\u00fablica del <a href=\"https:\/\/www.diba.cat\/documents\/232140\/359768954\/Manifest-25N-2021.pdf\/f9dcd7a3-5f47-7aae-064b-44e5ad659f6e?t=1636452485185\" target=\"_blank\" rel=\"noopener\">Manifiesto del 25N 2021 de la Generalitat de Catalunya<\/a> en la Sala de reuniones del ICAC (a las 11 h), equipada para seguir la <a href=\"https:\/\/teams.microsoft.com\/l\/meetup-join\/19%3ameeting_NDA5MWM5MzMtNGUyYy00MGE1LWFkOTgtMDYyODE4MmJjZDRi%40thread.v2\/0?context=%7b%22Tid%22%3a%22eb2b7ec4-04ec-4a5a-9ee3-d87fa14c34a3%22%2c%22Oid%22%3a%222831f7de-6b02-4023-802e-27cc3eb13a8b%22%7d\" target=\"_blank\" rel=\"noopener\">retransmisi\u00f3n del acto en directo<\/a> y permitir as\u00ed que toda la comunidad ICAC participe del acto y de apoyo a la iniciativa.<\/p>\n<div class=\"highlight-block\">\n<p>\u00a1Acompa\u00f1adnos en la <strong>lectura del Manifiesto 25N 2021 en el ICAC<\/strong>! Presencialmente, en la Sala de reuniones del ICAC, el mismo jueves 25N a las 11 h. O virtualmente, <a href=\"https:\/\/teams.microsoft.com\/l\/meetup-join\/19%3ameeting_NDA5MWM5MzMtNGUyYy00MGE1LWFkOTgtMDYyODE4MmJjZDRi%40thread.v2\/0?context=%7b%22Tid%22%3a%22eb2b7ec4-04ec-4a5a-9ee3-d87fa14c34a3%22%2c%22Oid%22%3a%222831f7de-6b02-4023-802e-27cc3eb13a8b%22%7d\" target=\"_blank\" rel=\"noopener\">a trav\u00e9s de este enlace<\/a>. Con la participaci\u00f3n de los miembros del Comit\u00e9 de Igualdad del ICAC y el director del ICAC, Josep Maria Palet. \u00a1Os esperamos!<\/p>\n<\/div>\n<p>El <a href=\"https:\/\/www.diba.cat\/documents\/232140\/359768954\/Manifest-25N-2021.pdf\/f9dcd7a3-5f47-7aae-064b-44e5ad659f6e?t=1636452485185\" target=\"_blank\" rel=\"noopener\">Manifiesto 25N 2021 de la Generalitat de Catalunya<\/a> resalta los cambios introducidos con la reforma 17\/2020 de 22 de diciembre que modifica y amplia la ley 5\/2008 del 24 de abril, de derecho de las mujeres a la erradicaci\u00f3n de las violencias machistas, con la que <strong>se reconocen nuevas formas de violencia y nuevos \u00e1mbitos en los que se produce<\/strong>, como: la violencia obst\u00e9trica y la vulneraci\u00f3n de derechos sexuales y reproductivos; la violencia de segundo orden, que consiste en la violencia f\u00edsica o psicol\u00f3gica, las represalias, las humillaciones y la persecuci\u00f3n ejercidas contra las personas que dan apoyo a las v\u00edctimas de violencia machistas; la violencia vicaria, que incluye cualquier tipo de violencia ejercida contra las hijas y los hijos con la finalidad de provocar da\u00f1o psicol\u00f3gico a la madre; o la violencia digital.<\/p>\n<div class=\"highlight-block\">\n<p style=\"text-align: center;\">\u00a1Las universidades y las instituciones de investigaci\u00f3n no contemplamos ninguna excepci\u00f3n a la violencia machista!<\/p>\n<\/div>\n<p>&nbsp;<\/p>\n<p>Igualmente,<strong> el Comit\u00e9 de Igualdad os invita a participar en una campa\u00f1a de sensibilizaci\u00f3n<\/strong> que promueve el <a href=\"https:\/\/unisafe-gbv.eu\/\" target=\"_blank\" rel=\"noopener\">proyecto europeo UniSAFE<\/a>, sobre violencia machista en las organizaciones universitarias y de investigaci\u00f3n, que une esfuerzos con proyectos hermanos implicados en el cambio estructural para la igualdad de g\u00e9nero en la investigaci\u00f3n y el \u00e1mbito acad\u00e9mico (<a href=\"https:\/\/www.superaproject.eu\/gender-based-violence-in-research-and-academia-join-the-campaign\/\" target=\"_blank\" rel=\"noopener\">SUPERA<\/a>, SPEAR, TARGET, TARGETED-MPI, GEARING ROLES, RESET). Desde el ICAC, queremos felicitar esta iniciativa y las personas y equipos que la promueven. \u00a1Gracias!<\/p>\n<blockquote><p>La violencia de g\u00e9nero es una caracter\u00edstica compleja, prevalente y persistente en muchas organizaciones, con proporciones pand\u00e9micas. La violencia, las violaciones y los abusos pueden ser f\u00edsicos, sexuales, econ\u00f3micos\/financieros, psicol\u00f3gicos (en l\u00ednea o fuera de l\u00ednea) y pueden incluir acoso sexual o de g\u00e9nero.<\/p>\n<p>Las universidades y las organizaciones de investigaci\u00f3n no est\u00e1n exentas de esta pandemia. Incluso, determinadas estructuras organizativas pueden crear condiciones que favorecen las jerarqu\u00edas de poder estructuradas por g\u00e9nero y edad, y que sustentan regularmente la violencia. Si bien la violencia de g\u00e9nero afecta profundamente las vidas individuales, tambi\u00e9n tiene graves repercusiones sociales, econ\u00f3micas y sanitarias a nivel organizativo y social.<\/p>\n<p><em><a href=\"https:\/\/www.superaproject.eu\/gender-based-violence-in-research-and-academia-join-the-campaign\/\" target=\"_blank\" rel=\"noopener\">Sigue leyendo (SUPERA)<\/a><\/em><\/p><\/blockquote>\n<p>La campa\u00f1a de sensibilizaci\u00f3n se desarrollar\u00e1 los <strong>d\u00edas 22 a 29 de noviembre<\/strong> de 2021. El Comit\u00e9 de Igualdad se une a ella mediante la <a href=\"https:\/\/twitter.com\/ICAC_cat\" target=\"_blank\" rel=\"noopener\"><strong>cuenta de Twitter del ICAC<\/strong><\/a> con la difusi\u00f3n de distintos materiales y mensajes elaborados por la campa\u00f1a, con el objetivo com\u00fan de demostrar que la violencia machista en las universidades y las organizaciones de investigaci\u00f3n es una realidad.<\/p>\n<div class=\"highlight-block\">\n<p>\u00a1\u00danete a la campa\u00f1a de sensibilizaci\u00f3n por el 25N en <a href=\"https:\/\/twitter.com\/ICAC_cat\" target=\"_blank\" rel=\"noopener\">Twitter<\/a> con la etiqueta <strong>#Saveresearch4all<\/strong>! Ay\u00fadanos a transmitir el mensaje desde el ICAC con la etiqueta <strong>#IgualtatICAC<\/strong>.<\/p>\n<\/div>\n<p>El proyecto SUPERA ha puesto a disposici\u00f3n gratuitamente un conjunto de herramientas de sensibilizaci\u00f3n, que incluye material gr\u00e1fico de comunicaci\u00f3n digital, art\u00edculos e informes. Se pueden compartir libremente haciendo reconocimiento al proyecto y, en caso de compartir resultados del proyecto UniSAFE, a los autores, como se indica en la introducci\u00f3n de los informes.<\/p>\n<figure id=\"attachment_73458\" aria-describedby=\"caption-attachment-73458\" style=\"width: 680px\" class=\"wp-caption aligncenter\"><a href=\"https:\/\/icac.cat\/wp-content\/uploads\/2021\/11\/UniSafe_25N-3.jpg\"><img loading=\"lazy\" class=\"wp-image-73458 size-full\" src=\"https:\/\/icac.cat\/wp-content\/uploads\/2021\/11\/UniSafe_25N-3.jpg\" alt=\"\" width=\"680\" height=\"340\" srcset=\"https:\/\/icac.cat\/wp-content\/uploads\/2021\/11\/UniSafe_25N-3.jpg 680w, https:\/\/icac.cat\/wp-content\/uploads\/2021\/11\/UniSafe_25N-3-400x200.jpg 400w\" sizes=\"(max-width: 680px) 100vw, 680px\" \/><\/a><figcaption id=\"caption-attachment-73458\" class=\"wp-caption-text\">Gender-based violence in research and academia: join the campaign! Banner developed by UniSAFE and SUPERA projects. Thanks for sharing!<\/figcaption><\/figure>\n<p>&nbsp;<\/p>\n","protected":false},"excerpt":{"rendered":"<p>En motivo de la conmemoraci\u00f3n del D\u00eda Internacional para la Eliminaci\u00f3n de la Violencia contra las Mujeres (25 de noviembre), el Comit\u00e9 de Igualdad del ICAC promueve distintas actividades para concienciar sobre la violencia de g\u00e9nero en la investigaci\u00f3n y el \u00e1mbito acad\u00e9mico. El mismo 25N se har\u00e1 una lectura p\u00fablica del Manifiesto del 25N [&hellip;]<\/p>\n","protected":false},"author":160,"featured_media":73465,"comment_status":"closed","ping_status":"closed","sticky":false,"template":"","format":"standard","meta":{"_genesis_hide_title":false,"_genesis_hide_breadcrumbs":false,"_genesis_hide_singular_image":false,"_genesis_hide_footer_widgets":false,"_genesis_custom_body_class":"","_genesis_custom_post_class":"","_genesis_layout":""},"categories":[329,331,335,343,332,337,323],"tags":[822,670],"_links":{"self":[{"href":"https:\/\/icac.cat\/es\/wp-json\/wp\/v2\/posts\/73476"}],"collection":[{"href":"https:\/\/icac.cat\/es\/wp-json\/wp\/v2\/posts"}],"about":[{"href":"https:\/\/icac.cat\/es\/wp-json\/wp\/v2\/types\/post"}],"author":[{"embeddable":true,"href":"https:\/\/icac.cat\/es\/wp-json\/wp\/v2\/users\/160"}],"replies":[{"embeddable":true,"href":"https:\/\/icac.cat\/es\/wp-json\/wp\/v2\/comments?post=73476"}],"version-history":[{"count":5,"href":"https:\/\/icac.cat\/es\/wp-json\/wp\/v2\/posts\/73476\/revisions"}],"predecessor-version":[{"id":73495,"href":"https:\/\/icac.cat\/es\/wp-json\/wp\/v2\/posts\/73476\/revisions\/73495"}],"wp:featuredmedia":[{"embeddable":true,"href":"https:\/\/icac.cat\/es\/wp-json\/wp\/v2\/media\/73465"}],"wp:attachment":[{"href":"https:\/\/icac.cat\/es\/wp-json\/wp\/v2\/media?parent=73476"}],"wp:term":[{"taxonomy":"category","embeddable":true,"href":"https:\/\/icac.cat\/es\/wp-json\/wp\/v2\/categories?post=73476"},{"taxonomy":"post_tag","embeddable":true,"href":"https:\/\/icac.cat\/es\/wp-json\/wp\/v2\/tags?post=73476"}],"curies":[{"name":"wp","href":"https:\/\/api.w.org\/{rel}","templated":true}]}}