{"id":79271,"date":"2022-08-31T12:49:04","date_gmt":"2022-08-31T10:49:04","guid":{"rendered":"https:\/\/icac.cat\/?p=79271"},"modified":"2022-08-31T13:54:42","modified_gmt":"2022-08-31T11:54:42","slug":"eaaconference2022","status":"publish","type":"post","link":"https:\/\/icac.cat\/es\/actualitat\/noticies\/2022\/eaaconference2022\/","title":{"rendered":"Empieza el 28th EAA Annual Meeting, con numerosa participaci\u00f3n de miembros del ICAC"},"content":{"rendered":"<h6>Un buen n\u00famero de investigadores e investigadoras del ICAC participan en el <a href=\"https:\/\/www.e-a-a.org\/EAA2022\/Home\/EAA2022\/Home.aspx?hkey=d8ca19c5-8cdc-4d80-a1ed-cda328b34274\" target=\"_blank\" rel=\"noopener\">28th EAA Annual Meeting<\/a>, que se celebra del 31 de agosto al 3 de septiembre de 2022 en Budapest (Hungr\u00eda).<\/h6>\n<p>El investigador del grupo GIAP <a href=\"https:\/\/icac.cat\/qui-som\/personal\/amayoral\/\" target=\"_blank\" rel=\"noopener\">Alfredo Mayoral<\/a> \u00e9s uno de los organizadores de la <strong>Sesi\u00f3n 230. Sediment and Soil Archives to Decipher Human Environtment Interactions in Wetland Landscapes from Neolithic to the XXth Century<\/strong>, junto con Andr\u00e9-Marie Dendievel (Univ. Lyon, Univ. Claude Bernard Lyon 1, ENTPE, CNRS, UMR 5023 LEHNA).<\/p>\n<p>La sesi\u00f3n tendr\u00e1 lugar el jueves, 1 de septiembre, de 14 h a 18:30 h. Forma parte del Tema 5, \u00abClimate Change and Socioenvironmental Perspectives\u00bb, con el formato de sesi\u00f3n de presentaciones con discusi\u00f3n.<\/p>\n<p>En la misma sesi\u00f3n, <a href=\"https:\/\/icac.cat\/qui-som\/personal\/amayoral\/\" target=\"_blank\" rel=\"noopener\">Mayoral<\/a> presenta una comunicaci\u00f3n, con la participaci\u00f3n de otros miembros del grupo GIAP:<\/p>\n<p>(17:15 h) <strong>\u00abA geoarchaeological tale of two cities: Palaeogeography, socio-environmental interaction and coastal landscape evolution around Ancient Abdera (Thrace, Greece)\u00bb<\/strong>. <a href=\"https:\/\/icac.cat\/qui-som\/personal\/amayoral\/\" target=\"_blank\" rel=\"noopener\">Alfredo Mayoral<\/a> (Catalan Institute of Classical Archaeology, GIAP), Ana Ejarque (ISEM, Univ. Montpellier, CNRS, IRD), <a href=\"https:\/\/icac.cat\/qui-som\/personal\/agarcia\/\" target=\"_blank\" rel=\"noopener\">Arnau Garcia-Molsosa<\/a> (Catalan Institute of Classical Archaeology, GIAP), <a href=\"https:\/\/icac.cat\/qui-som\/personal\/mgeorgiadis\/\" target=\"_blank\" rel=\"noopener\">Mercourios Georgiadis<\/a> (Catalan Institute of Classical Archaeology, GIAP), <a href=\"https:\/\/icac.cat\/qui-som\/personal\/iapostolou\/\" target=\"_blank\" rel=\"noopener\">Giannis Apostolou<\/a> (Catalan Institute of Classical Archaeology, GIAP), Vincent Gaertner, Vincent (CNRS, UMR 5600, EVS-IRG &amp; Univ. Lyon), Constantina Kallintzi (Eforia of Antiquities at Xanthi, Archaeological Museum of Avdira), Eurycide Kefalidou (National and Kapodistrian Univ. of Athens), <a href=\"https:\/\/icac.cat\/qui-som\/personal\/jpalet\/\" target=\"_blank\" rel=\"noopener\">Josep Maria Palet<\/a> (Catalan Institute of Classical Archaeology, GIAP), <a href=\"https:\/\/icac.cat\/qui-som\/personal\/horengo\/\" target=\"_blank\" rel=\"noopener\">H\u00e8ctor A. Orengo<\/a> (Catalan Institute of Classical Archaeology, GIAP).<\/p>\n<p>&nbsp;<\/p>\n<h6>Otras intervenciones<\/h6>\n<p>Varios miembros del grupo GIAP presentan una comunicaci\u00f3n, el jueves 1 de septiembre, en la Sesi\u00f3n 347. Natural Resources of Highlands and Hinterlands in the Mediterranean.<\/p>\n<p>(16:45 h).<strong> \u00abTracing Neolithic and Medieval Livestock Farming in the Eastern Pyrenees: the combined archaeological and palaeoenvironmental study of Molleres II (Puigpedr\u00f3s Massif)\u00bb<\/strong>. <a href=\"https:\/\/icac.cat\/qui-som\/personal\/acarbonell\/\" target=\"_blank\" rel=\"noopener\">Arnau Carbonell<\/a> (GIAP, ICAC), <a href=\"https:\/\/icac.cat\/qui-som\/personal\/lcolominas\/\" target=\"_blank\" rel=\"noopener\">L\u00eddia Colominas<\/a>, (GIAP, ICAC), <a href=\"https:\/\/icac.cat\/qui-som\/personal\/vpescini\/https:\/\/icac.cat\/qui-som\/personal\/vpescini\/\" target=\"_blank\" rel=\"noopener\">Valentina Pescini<\/a> (GIAP, ICAC), <a href=\"https:\/\/icac.cat\/qui-som\/personal\/amayoral\/\" target=\"_blank\" rel=\"noopener\">Alfredo Mayoral<\/a>\u00a0(GIAP, ICAC), Natalia Eg\u00fcez (AMBI Research Lab, Universidad de La Laguna), <a href=\"https:\/\/icac.cat\/qui-som\/personal\/abelgallego\/\" target=\"_blank\" rel=\"noopener\">Abel Gallego-Valle<\/a> (GIAP, ICAC), <a href=\"https:\/\/icac.cat\/qui-som\/personal\/jmartinez\/\" target=\"_blank\" rel=\"noopener\">Jes\u00fas Mart\u00ednez<\/a> (GIAP, ICAC), <a href=\"https:\/\/icac.cat\/qui-som\/personal\/jpalet\/\" target=\"_blank\" rel=\"noopener\">Josep Maria Palet<\/a> (GIAP, ICAC).<\/p>\n<p>&nbsp;<\/p>\n<p>Por otro lado, la investigadora ICREA <a href=\"https:\/\/icac.cat\/qui-som\/personal\/cbelarte\/\" target=\"_blank\" rel=\"noopener\">Maria Carme Belarte<\/a> y otros miembros del equip del <a href=\"https:\/\/icac.cat\/recerca\/projectes-de-recerca\/projecte\/estudio-transdisciplinar-y-experimental-de-estructuras-de-combustion-en-el-mediterraneo-occidental-durante-la-protohistoria-1er-milenio-a-c-pid2019-104661gb-i00-aei\/\" target=\"_blank\" rel=\"noopener\">proyecto TRANSCOMB<\/a> presentan una comunicaci\u00f3n el s\u00e1bado 3 de septiembre, en la Sesi\u00f3n 345. Let it burn! Experimental and Ethnoarchaeological Approaches in Pyroarchaeology.<\/p>\n<p>(11:30 h). <strong>\u00abFrom fuel to embers: experimenting on Iron Age combustion structures in the Western Mediterranean\u00bb<\/strong>. <a href=\"https:\/\/icac.cat\/qui-som\/personal\/cbelarte\/\" target=\"_blank\" rel=\"noopener\">Maria Carme Belarte<\/a> (ICREA-ICAC), Marta Portillo (Instituci\u00f3 Mil\u00e0 i Fontanals &#8211; CSIC), Marta Mateu (ICAC), Carme Saorin (GRAP, UB), <a href=\"https:\/\/icac.cat\/qui-som\/personal\/mpastor\/\" target=\"_blank\" rel=\"noopener\">Mar\u00eda Pastor<\/a> (ICAC), Josep Pou (Ajuntament de Calafell), Jordi Morer (GRACPE, UB), Georgina Castells (Ajuntament de Calafell), S\u00edlvia Vila (Univ. de Lleida), <a href=\"https:\/\/icac.cat\/qui-som\/personal\/vpescini\/\" target=\"_blank\" rel=\"noopener\">Valentina Pescini<\/a> (ICAC).<\/p>\n<p>&nbsp;<\/p>\n<p>Finalmente, la investigadora Juan de la Cierva <a href=\"https:\/\/icac.cat\/qui-som\/personal\/mblasco\/\" target=\"_blank\" rel=\"noopener\">Marta Blasco<\/a> presenta una comunicaci\u00f3n, el viernes 2 de septiembre, en la Sesi\u00f3n 236. Craft specialization in worked hard osseus materials: conversations on a complex conceptual category in Archaeology.<\/p>\n<p>(10:10 h). <strong>\u00abDecorate, fit and combine. Inlays and facing in the hard animal material industry of the Iron Age. Specialized craft techniques\u00bb<\/strong>. <a href=\"https:\/\/icac.cat\/qui-som\/personal\/mblasco\/\" target=\"_blank\" rel=\"noopener\">Marta Blasco<\/a> (ICAC), Luc\u00eda Soria (Univ. Castilla-La Mancha), Consuelo Mata (Universitat de Valencia).<\/p>\n<p>&nbsp;<\/p>\n<div class=\"highlight-block\">\n<p style=\"text-align: center;\">Pod\u00e9is ver todo el <a href=\"https:\/\/icac.cat\/wp-content\/uploads\/2022\/08\/2022_programme-book_online-27-Aug.pdf\" target=\"_blank\" rel=\"noopener\">programa del congreso aqu\u00ed<\/a>.<\/p>\n<\/div>\n","protected":false},"excerpt":{"rendered":"<p>Un buen n\u00famero de investigadores e investigadoras del ICAC participan en el 28th EAA Annual Meeting, que se celebra del 31 de agosto al 3 de septiembre de 2022 en Budapest (Hungr\u00eda). El investigador del grupo GIAP Alfredo Mayoral \u00e9s uno de los organizadores de la Sesi\u00f3n 230. Sediment and Soil Archives to Decipher Human [&hellip;]<\/p>\n","protected":false},"author":160,"featured_media":74281,"comment_status":"closed","ping_status":"closed","sticky":false,"template":"","format":"standard","meta":{"_genesis_hide_title":false,"_genesis_hide_breadcrumbs":false,"_genesis_hide_singular_image":false,"_genesis_hide_footer_widgets":false,"_genesis_custom_body_class":"","_genesis_custom_post_class":"","_genesis_layout":""},"categories":[329,335,343,332],"tags":[],"_links":{"self":[{"href":"https:\/\/icac.cat\/es\/wp-json\/wp\/v2\/posts\/79271"}],"collection":[{"href":"https:\/\/icac.cat\/es\/wp-json\/wp\/v2\/posts"}],"about":[{"href":"https:\/\/icac.cat\/es\/wp-json\/wp\/v2\/types\/post"}],"author":[{"embeddable":true,"href":"https:\/\/icac.cat\/es\/wp-json\/wp\/v2\/users\/160"}],"replies":[{"embeddable":true,"href":"https:\/\/icac.cat\/es\/wp-json\/wp\/v2\/comments?post=79271"}],"version-history":[{"count":1,"href":"https:\/\/icac.cat\/es\/wp-json\/wp\/v2\/posts\/79271\/revisions"}],"predecessor-version":[{"id":79276,"href":"https:\/\/icac.cat\/es\/wp-json\/wp\/v2\/posts\/79271\/revisions\/79276"}],"wp:featuredmedia":[{"embeddable":true,"href":"https:\/\/icac.cat\/es\/wp-json\/wp\/v2\/media\/74281"}],"wp:attachment":[{"href":"https:\/\/icac.cat\/es\/wp-json\/wp\/v2\/media?parent=79271"}],"wp:term":[{"taxonomy":"category","embeddable":true,"href":"https:\/\/icac.cat\/es\/wp-json\/wp\/v2\/categories?post=79271"},{"taxonomy":"post_tag","embeddable":true,"href":"https:\/\/icac.cat\/es\/wp-json\/wp\/v2\/tags?post=79271"}],"curies":[{"name":"wp","href":"https:\/\/api.w.org\/{rel}","templated":true}]}}