{"id":80635,"date":"2022-11-11T16:55:16","date_gmt":"2022-11-11T15:55:16","guid":{"rendered":"https:\/\/icac.cat\/?p=80635"},"modified":"2022-11-11T21:07:34","modified_gmt":"2022-11-11T20:07:34","slug":"una-muestra-de-la-ciutat-romana-de-iesso-en-la-exposicion-toquem-fusta","status":"publish","type":"post","link":"https:\/\/icac.cat\/es\/actualitat\/noticies\/2022\/una-muestra-de-la-ciutat-romana-de-iesso-en-la-exposicion-toquem-fusta\/","title":{"rendered":"Una muestra de la Ciutat romana de Iesso, en la exposici\u00f3n \u00abToquem Fusta!\u00bb"},"content":{"rendered":"<h6>El proyecto arqueol\u00f3gico de Guissona (UAB-ICAC) ha participado en la exposici\u00f3n \u00abToquem Fusta! Disseny, fusta i sostenibilitat\u00bb, que se ha estrenado esta semana en el <a href=\"https:\/\/ajuntament.barcelona.cat\/museudeldisseny\/ca\/exposicio\/toquem-fusta-disseny-fusta-i-sostenibilitat\" target=\"_blank\" rel=\"noopener\">Museo del Dise\u00f1o<\/a> (Barcelona).<\/h6>\n<p>Dos de las 420 piezas que conforman la exposici\u00f3n provienen de las <a href=\"https:\/\/icac.cat\/es\/actualitat\/noticies\/2021\/como-los-pozos-romanos-de-guissona-pueden-aportar-nueva-luz-a-la-vida-del-pasado\/\" target=\"_blank\" rel=\"noopener\">excavaciones de Guissona<\/a>, que se llevaron a cabo por la UAB y el ICAC en el marco del proyecto de investigaci\u00f3n <a href=\"https:\/\/icac.cat\/recerca\/projectes-de-recerca\/projecte\/la-ciutat-romana-de-iesso-guissona-lurbanisme-i-larticulacio-dels-espais-publics-i-privats\/\" target=\"_blank\" rel=\"noopener\">La Ciutat romana de <em>Iesso<\/em> (Guissona). L\u2019urbanisme i l\u2019articulaci\u00f3 dels espais p\u00fablics i privats. (Projecte Quadriennal. Generalitat de Catalunya. CLT009\/18\/00099)<\/a>, dirigido por <a href=\"http:\/\/icac.cat\/es\/quienes-somos\/personal\/jguitart\/\" target=\"_blank\" rel=\"noopener\"><strong>Josep Guitart<\/strong><\/a> (UAB-ICAC) y N\u00faria Roman\u00ed (UAB-ICAC).<\/p>\n<p>Estas dos piezas son <strong>un cubo y un bol aparecidos en el pozo del edificio fuera muralla<\/strong> de la ciudad romana de <em>Iesso<\/em> (<a href=\"https:\/\/icac.cat\/es\/actualitat\/noticies\/2021\/como-los-pozos-romanos-de-guissona-pueden-aportar-nueva-luz-a-la-vida-del-pasado\/\" target=\"_blank\" rel=\"noopener\">ver noticia<\/a>).<\/p>\n<p>La exposici\u00f3n <a href=\"https:\/\/ajuntament.barcelona.cat\/museudeldisseny\/ca\/exposicio\/toquem-fusta-disseny-fusta-i-sostenibilitat\" target=\"_blank\" rel=\"noopener\">\u00abToquem Fusta! Disseny, fusta i sostenibilitat\u00bb<\/a> pone el foco en <strong>la madera como material clave al servicio de la evoluci\u00f3n cultural humana<\/strong>. Con una amplia visi\u00f3n hist\u00f3rica, expone tambi\u00e9n las aplicaciones actuales de la madera (dise\u00f1o aplicado a la construcci\u00f3n, autom\u00f3viles, aeron\u00e1utica, textiles, ac\u00fastica, salud, energ\u00eda&#8230;), en pro de la sostenibilidad del planeta y como fundamento de la bioeconom\u00eda circular.<\/p>\n<figure id=\"attachment_80618\" aria-describedby=\"caption-attachment-80618\" style=\"width: 790px\" class=\"wp-caption aligncenter\"><img loading=\"lazy\" class=\"size-large wp-image-80618\" src=\"https:\/\/icac.cat\/wp-content\/uploads\/2022\/11\/Guissona_exposicio-Toquem-Fusta_2022_David-Castellana-1024x768.jpg\" alt=\"\" width=\"790\" height=\"593\" srcset=\"https:\/\/icac.cat\/wp-content\/uploads\/2022\/11\/Guissona_exposicio-Toquem-Fusta_2022_David-Castellana-1024x768.jpg 1024w, https:\/\/icac.cat\/wp-content\/uploads\/2022\/11\/Guissona_exposicio-Toquem-Fusta_2022_David-Castellana-400x300.jpg 400w, https:\/\/icac.cat\/wp-content\/uploads\/2022\/11\/Guissona_exposicio-Toquem-Fusta_2022_David-Castellana-768x576.jpg 768w, https:\/\/icac.cat\/wp-content\/uploads\/2022\/11\/Guissona_exposicio-Toquem-Fusta_2022_David-Castellana-1536x1152.jpg 1536w, https:\/\/icac.cat\/wp-content\/uploads\/2022\/11\/Guissona_exposicio-Toquem-Fusta_2022_David-Castellana-2048x1536.jpg 2048w\" sizes=\"(max-width: 790px) 100vw, 790px\" \/><figcaption id=\"caption-attachment-80618\" class=\"wp-caption-text\">La exposici\u00f3n \u00abToquem Fusta!\u00bb, en el Museo del Dise\u00f1o (Barcelona) recoge dos piezas arqueol\u00f3gicas que provienen de la Ciudad romana de <em>Iesso<\/em> (Guissona). Foto: cedida por <strong>David Castellana<\/strong> (<a href=\"https:\/\/museudeguissona.cat\/inicio\/\" target=\"_blank\" rel=\"noopener\">Museo de Guissona<\/a>).<\/figcaption><\/figure>\n<div>\n<div class=\"destacat-entrevista dreta\">\n<div class=\"small-text\">\n<p>El Parque arqueol\u00f3gico de Guissona ha cedido 2 piezas para la exposici\u00f3n y la investigadora Esther Rodrigo (UAB) ha contribuido en uno de los apartados del cat\u00e1logo.<\/p>\n<\/div>\n<\/div>\n<p>El conjunto de piezas expuestas reflexiona sobre el uso de objetos de madera a lo largo del tiempo que han supuesto un punto de inflexi\u00f3n en la vida humana, hasta llegar al siglo XXI. En las \u00faltimas d\u00e9cadas, despu\u00e9s de una etapa de sustituci\u00f3n de la madera por otros materiales en diversos terrenos, se est\u00e1 recuperando y se potencia el dise\u00f1o y la arquitectura en madera como herramienta clave para poder mantener la calidad de vida del planeta, y detener la crisis medioambiental actual.<\/p>\n<p>La exposici\u00f3n forma parte del programa de la conferencia anual del <a href=\"https:\/\/efi.int\/\" target=\"_blank\" rel=\"noopener\">European Forest Institute<\/a>, designado por <a href=\"https:\/\/bcneuforestcity2022.org\/es\/\" target=\"_blank\" rel=\"noopener\">Barcelona Capital Europea del Bosque 2022<\/a>.<\/p>\n<p>&nbsp;<\/p>\n<h5>Noticias relacionadas:<\/h5>\n<p><a href=\"https:\/\/icac.cat\/es\/actualitat\/noticies\/2021\/como-los-pozos-romanos-de-guissona-pueden-aportar-nueva-luz-a-la-vida-del-pasado\/\" target=\"_blank\" rel=\"noopener\">\u00abC\u00f3mo los pozos romanos de Guissona pueden aportar nueva luz a la vida del pasado\u00bb<\/a>, ICAC, 2 de diciembre de 2021.<\/p>\n<\/div>\n","protected":false},"excerpt":{"rendered":"<p>El proyecto arqueol\u00f3gico de Guissona (UAB-ICAC) ha participado en la exposici\u00f3n \u00abToquem Fusta! Disseny, fusta i sostenibilitat\u00bb, que se ha estrenado esta semana en el Museo del Dise\u00f1o (Barcelona). Dos de las 420 piezas que conforman la exposici\u00f3n provienen de las excavaciones de Guissona, que se llevaron a cabo por la UAB y el ICAC [&hellip;]<\/p>\n","protected":false},"author":160,"featured_media":80627,"comment_status":"closed","ping_status":"closed","sticky":false,"template":"","format":"standard","meta":{"_genesis_hide_title":false,"_genesis_hide_breadcrumbs":false,"_genesis_hide_singular_image":false,"_genesis_hide_footer_widgets":false,"_genesis_custom_body_class":"","_genesis_custom_post_class":"","_genesis_layout":""},"categories":[329,343,332],"tags":[],"_links":{"self":[{"href":"https:\/\/icac.cat\/es\/wp-json\/wp\/v2\/posts\/80635"}],"collection":[{"href":"https:\/\/icac.cat\/es\/wp-json\/wp\/v2\/posts"}],"about":[{"href":"https:\/\/icac.cat\/es\/wp-json\/wp\/v2\/types\/post"}],"author":[{"embeddable":true,"href":"https:\/\/icac.cat\/es\/wp-json\/wp\/v2\/users\/160"}],"replies":[{"embeddable":true,"href":"https:\/\/icac.cat\/es\/wp-json\/wp\/v2\/comments?post=80635"}],"version-history":[{"count":3,"href":"https:\/\/icac.cat\/es\/wp-json\/wp\/v2\/posts\/80635\/revisions"}],"predecessor-version":[{"id":80648,"href":"https:\/\/icac.cat\/es\/wp-json\/wp\/v2\/posts\/80635\/revisions\/80648"}],"wp:featuredmedia":[{"embeddable":true,"href":"https:\/\/icac.cat\/es\/wp-json\/wp\/v2\/media\/80627"}],"wp:attachment":[{"href":"https:\/\/icac.cat\/es\/wp-json\/wp\/v2\/media?parent=80635"}],"wp:term":[{"taxonomy":"category","embeddable":true,"href":"https:\/\/icac.cat\/es\/wp-json\/wp\/v2\/categories?post=80635"},{"taxonomy":"post_tag","embeddable":true,"href":"https:\/\/icac.cat\/es\/wp-json\/wp\/v2\/tags?post=80635"}],"curies":[{"name":"wp","href":"https:\/\/api.w.org\/{rel}","templated":true}]}}