{"id":81019,"date":"2022-11-29T12:32:49","date_gmt":"2022-11-29T11:32:49","guid":{"rendered":"https:\/\/icac.cat\/?p=81019"},"modified":"2023-04-03T11:18:08","modified_gmt":"2023-04-03T09:18:08","slug":"presentacion-catedral-tarragona","status":"publish","type":"post","link":"https:\/\/icac.cat\/es\/actualitat\/noticies\/2022\/presentacion-catedral-tarragona\/","title":{"rendered":"El ICAC y el Museo Diocesano de Tarragona ponen en marcha un nuevo proyecto de investigaci\u00f3n y transferencia en la Catedral de Tarragona"},"content":{"rendered":"<h6>Los trabajos forman parte de la tercera fase de excavaciones arqueol\u00f3gicas en la Catedral, en el marco de los proyectos cuadrienales de la Generalitat de Catalunya y el Plan Estrat\u00e9gico del Museo Diocesano de Tarragona.<\/h6>\n<p>El <a href=\"https:\/\/icac.cat\/es\/\" target=\"_blank\" rel=\"noopener\">Instituto Catal\u00e1n de Arqueolog\u00eda Cl\u00e1sica (ICAC) <\/a>y el <a href=\"http:\/\/museu.diocesa.arqtgn.cat\/\" target=\"_blank\" rel=\"noopener\">Museo Diocesano de Tarragona<\/a>\u00a0ponen en marcha una nueva fase de investigaci\u00f3n arqueol\u00f3gica en la Catedral de Tarragona. Los trabajos incluyen la adecuaci\u00f3n museogr\u00e1fica del conjunto monumental. El proyecto, que ha comenzado este 2022, tiene una duraci\u00f3n prevista de cuatro a\u00f1os (2022-2025).<\/p>\n<p>Esta nueva actuaci\u00f3n ser\u00e1 la tercera fase de un proyecto de investigaci\u00f3n que comenz\u00f3 en 2005 y que se enmarca en la convocatoria de <strong>proyectos cuatrienales <\/strong>de investigaci\u00f3n en materia de arqueolog\u00eda y paleontolog\u00eda del Departamento de Cultura de la Generalitat de Catalunya, y se articula actualmente a partir de los objetivos trazados en el Plan estrat\u00e9gico del Museo Diocesano de Tarragona.<\/p>\n<p>La direcci\u00f3n arqueol\u00f3gica del proyecto corre a cargo del investigador del ICAC <a href=\"http:\/\/icac.cat\/es\/quienes-somos\/personal\/jmmacias\/\" target=\"_blank\" rel=\"noopener\"><strong>Josep Maria Macias<\/strong><\/a>. La direcci\u00f3n museogr\u00e1fica del proyecto corre a cargo de <a href=\"https:\/\/icac.cat\/qui-som\/personal\/amunoz\/\"><strong>Andreu Mu\u00f1oz <\/strong><\/a><a href=\"http:\/\/icac.cat\/es\/quienes-somos\/personal\/amunoz\/\" target=\"_blank\" rel=\"noopener\"><strong>Melgar<\/strong><\/a>, director del Museo Diocesano de Tarragona e investigador adscrito al ICAC.<\/p>\n<p>Se realizar\u00e1n trabajos arqueol\u00f3gicos en torno a la Catedral (sala axial, recinto de culto imperial, exterior septentrional del T\u00e9menos&#8230;) y se llevar\u00e1n a cabo diferentes actuaciones que permitir\u00e1n generar contenidos museogr\u00e1ficos para la <strong>creaci\u00f3n del futuro Museo Diocesano de Tarragona<\/strong>, en la Casa de los Can\u00f3nigos (edificio de la calle Sant Pau, en Tarragona).<\/p>\n<p><img loading=\"lazy\" class=\"aligncenter size-large wp-image-80962\" src=\"https:\/\/icac.cat\/wp-content\/uploads\/2022\/11\/ICAC_MDT_presentacio-projecte-Catedral-2022_Diapositiva2-1024x576.jpg\" alt=\"\" width=\"790\" height=\"444\" srcset=\"https:\/\/icac.cat\/wp-content\/uploads\/2022\/11\/ICAC_MDT_presentacio-projecte-Catedral-2022_Diapositiva2-1024x576.jpg 1024w, https:\/\/icac.cat\/wp-content\/uploads\/2022\/11\/ICAC_MDT_presentacio-projecte-Catedral-2022_Diapositiva2-400x225.jpg 400w, https:\/\/icac.cat\/wp-content\/uploads\/2022\/11\/ICAC_MDT_presentacio-projecte-Catedral-2022_Diapositiva2-768x432.jpg 768w, https:\/\/icac.cat\/wp-content\/uploads\/2022\/11\/ICAC_MDT_presentacio-projecte-Catedral-2022_Diapositiva2.jpg 1280w\" sizes=\"(max-width: 790px) 100vw, 790px\" \/><\/p>\n<h6><\/h6>\n<h5>Casi 100 a\u00f1os de investigaci\u00f3n arqueol\u00f3gica en el conjunto monumental de la Catedral de Tarragona<\/h5>\n<div class=\"destacat-entrevista dreta\">\n<div class=\"small-text\">\n<p>Joan Serra Vilar\u00f3 hizo las primeras excavaciones arqueol\u00f3gicas en la Catedral de Tarragona, en 1933.<\/p>\n<\/div>\n<\/div>\n<p>La nueva fase de trabajos arqueol\u00f3gicos en la Catedral pr\u00e1cticamente coincidir\u00e1n con el centenario de las primeras excavaciones que all\u00ed se realizaron, de la mano de<strong> Joan Serra Vilar\u00f3<\/strong>, en 1933. Aquellas intervenciones se centraron sobre todo en la zona de la antigua sala axial, un espacio que vendr\u00eda a ser un segundo templo, construido en las inmediaciones del Templo de Augusto pero del que en ese momento se desconoc\u00edan las caracter\u00edsticas b\u00e1sicas y la funci\u00f3n con la que se construy\u00f3.<\/p>\n<p>En este sentido, el nuevo proyecto que ahora ponen en marcha el ICAC y el Museo Diocesano servir\u00e1 para revisar y actualizar todo el conocimiento cient\u00edfico que hasta ahora se ha obtenido, desde las excavaciones de Mn. Vilar\u00f3 hasta la actualidad. Otro legado destacado es la del investigador <strong>Theodor Hauschild <\/strong>, que con sus trabajos, en los a\u00f1os 80, asent\u00f3 buena parte de las bases de la investigaci\u00f3n sobre la topograf\u00eda romana de Tarraco.<\/p>\n<blockquote><p>\u00abUn proyecto de investigaci\u00f3n que mira adelante, pero que tambi\u00e9n mira atr\u00e1s\u00bb, Andreu Mu\u00f1oz (Museo Diocesano de Tarragona)<\/p><\/blockquote>\n<p>Son <strong>casi 100 a\u00f1os de arqueolog\u00eda en la Catedral de Tarragona, desde las primeras excavaciones de Joan Serra Vilar\u00f3 en 1933 <\/strong>, y ahora el nuevo proyecto permitir\u00e1 devolver a la ciudad de Tarragona todo este legado, de conocimiento cient\u00edfico y de protecci\u00f3n y recuperaci\u00f3n del patrimonio hist\u00f3rico.<\/p>\n<h6><\/h6>\n<h5>Compromiso con la transferencia y divulgaci\u00f3n del conocimiento en la ciudad de Tarragona<\/h5>\n<p>El nuevo proyecto tiene una clara orientaci\u00f3n a la transferencia de resultados con el objetivo de contribuir a la socializaci\u00f3n del conocimiento cient\u00edfico y ciudadano de una realidad presente del patrimonio arquitect\u00f3nico catal\u00e1n. <strong>El objetivo principal del proyecto es la investigaci\u00f3n, pero tambi\u00e9n la divulgaci\u00f3n del conocimiento, a trav\u00e9s de la musealizaci\u00f3n de los resultados<\/strong>.<\/p>\n<div class=\"destacat-entrevista dreta\">\n<div class=\"small-text\">\n<p>El proyecto dotar\u00e1 a la Parte Alta de Tarragona de nuevos contenidos culturales y tur\u00edsticos.<\/p>\n<\/div>\n<\/div>\n<p>Las actuaciones dirigidas a la museograf\u00eda del conjunto de la Catedral facilitar\u00e1n que <strong>el patrimonio arqueol\u00f3gico se convierta en un motor de progreso en la dinamizaci\u00f3n tur\u00edstica de la ciudad de Tarragona <\/strong>. Los resultados esperados incluyen la creaci\u00f3n de recursos permanentes como salas y rutas de visita, publicaciones, contenidos museogr\u00e1ficos y materiales audiovisuales creados a partir de la experimentaci\u00f3n con nuevas tecnolog\u00edas aplicadas en la documentaci\u00f3n gr\u00e1fica y las TIC.<\/p>\n<p>&nbsp;<\/p>\n<h5>Un caso de \u00e9xito de cooperaci\u00f3n institucional<\/h5>\n<p>El director del ICAC, <a href=\"http:\/\/icac.cat\/es\/quienes-somos\/personal\/jpalet\/\" target=\"_blank\" rel=\"noopener\"><strong>Josep Maria Palet<\/strong><\/a>, ha querido destacar el \u00e9xito del proyecto en t\u00e9rminos de cooperaci\u00f3n institucional en el \u00e1mbito de Tarragona: \u00abGracias a esta coordinaci\u00f3n y trabajo en equipo, Tarragona dispondr\u00e1 de un nuevo espacio museogr\u00e1fico de alto nivel\u00bb.<\/p>\n<p>En la misma l\u00ednea, la directora de los Servicios Territoriales de Cultura en Tarragona, la se\u00f1ora <strong>Lurdes Malgrat <\/strong>, ha remarcado el inter\u00e9s del proyecto a nivel estrat\u00e9gico; un objetivo que, desde el Departamento de Cultura de la Generalidad de Catalu\u00f1a, con la l\u00ednea de subvenci\u00f3n de los proyectos cuatrienales, se considera imprescindible a fin de hacer llegar la cultura y el patrimonio al conjunto de la ciudadan\u00eda.<\/p>\n<blockquote><p>\u00abLas administraciones debemos incidir en la investigaci\u00f3n, invertir para saber de d\u00f3nde venimos y facilitar el acceso a la cultura\u00bb, Lurdes Malgrat.<\/p><\/blockquote>\n<figure id=\"attachment_80958\" aria-describedby=\"caption-attachment-80958\" style=\"width: 790px\" class=\"wp-caption aligncenter\"><img loading=\"lazy\" class=\"wp-image-80958 size-large\" src=\"https:\/\/icac.cat\/wp-content\/uploads\/2022\/11\/ICAC-MDT-presentacio-nou-projecte-catedral_Malgrat-1024x576.jpg\" alt=\"\" width=\"790\" height=\"444\" srcset=\"https:\/\/icac.cat\/wp-content\/uploads\/2022\/11\/ICAC-MDT-presentacio-nou-projecte-catedral_Malgrat-1024x576.jpg 1024w, https:\/\/icac.cat\/wp-content\/uploads\/2022\/11\/ICAC-MDT-presentacio-nou-projecte-catedral_Malgrat-400x225.jpg 400w, https:\/\/icac.cat\/wp-content\/uploads\/2022\/11\/ICAC-MDT-presentacio-nou-projecte-catedral_Malgrat-768x432.jpg 768w, https:\/\/icac.cat\/wp-content\/uploads\/2022\/11\/ICAC-MDT-presentacio-nou-projecte-catedral_Malgrat-1536x864.jpg 1536w, https:\/\/icac.cat\/wp-content\/uploads\/2022\/11\/ICAC-MDT-presentacio-nou-projecte-catedral_Malgrat-2048x1152.jpg 2048w\" sizes=\"(max-width: 790px) 100vw, 790px\" \/><figcaption id=\"caption-attachment-80958\" class=\"wp-caption-text\">Urbano Lorenzo (izq.), Josep Maria Palet (izq.) Lurdes Malgrat, Andreu Mu\u00f1oz y Josep Bertran (Repsol), durante la rueda de prensa de presentaci\u00f3n del proyecto. Foto: ICAC (CC 4.0).<\/figcaption><\/figure>\n<p>&nbsp;<\/p>\n<p>El <strong>volumen total de inversi\u00f3n del proyecto superar\u00e1 los 360.000 \u20ac<\/strong>, contando las aportaciones directas del <a href=\"https:\/\/cultura.gencat.cat\/es\/inici\/index.html\" target=\"_blank\" rel=\"noopener\">Departamento de Cultura de la Generalitat de Catalunya<\/a> (110.000 \u20ac), el <a href=\"https:\/\/www.tarragona.cat\/\" target=\"_blank\" rel=\"noopener\">Ayuntamiento de Tarragona<\/a> (60.000 \u20ac), la empresa <a href=\"https:\/\/www.repsol.com\/es\/index.cshtml\" target=\"_blank\" rel=\"noopener\">Repsol<\/a> (35.000 \u20ac), el <a href=\"http:\/\/museu.diocesa.arqtgn.cat\/\" target=\"_blank\" rel=\"noopener\">Museo Diocesano de Tarragona<\/a> (15.000 \u20ac) y la <a href=\"https:\/\/fundaciomutuacatalana.org\/\" target=\"_blank\" rel=\"noopener\">Fundaci\u00f3n Privada M\u00fatua Catalana<\/a>; y las aportaciones en concepto de prestaci\u00f3n de servicios del ICAC (110.000 \u20ac), la <a href=\"https:\/\/www.etsa.urv.cat\/es\/\" target=\"_blank\" rel=\"noopener\">Escuela T\u00e9cnica Superior de Arquitectura de la Universidad Rovira i Virgili<\/a> (15.000 \u20ac), el <a href=\"https:\/\/www.ub.edu\/web\/ub\/es\/universitat\/campus_fac_dep\/departaments\/m\/depmineralogia.html?\" target=\"_blank\" rel=\"noopener\">Departamento de Mineralog\u00eda, Petrolog\u00eda y Geolog\u00eda Aplicada de la Universidad de Barcelona<\/a> (10.500\u20ac) y el <a href=\"http:\/\/museu.biblic.arqtgn.cat\/\" target=\"_blank\" rel=\"noopener\">Museo B\u00edblico Tarraconse<\/a> (12.000\u20ac).<\/p>\n<p>Son tambi\u00e9n entidades colaboradoras el <a href=\"https:\/\/deca.upc.edu\/es?set_language=es\" target=\"_blank\" rel=\"noopener\">Departamento de Ingenier\u00eda Civil y ambiental de la Universidad Polit\u00e9cnica de Catalunya<\/a>, la empresa <a href=\"https:\/\/leica-geosystems.com\/products\/laser-scanners?gclid=Cj0KCQiA-JacBhC0ARIsAIxybyMo-460th-_2_wzaNFYP7A8dIgGEgTDXSDpmbqRfBkxnOeJFG8jPtYaAp4CEALw_wcB\" target=\"_blank\" rel=\"noopener\">Leica Geosystems<\/a> y la <a href=\"https:\/\/www.acsantfructuos.cat\/es\/\" target=\"_blank\" rel=\"noopener\">Asociaci\u00f3n Cultural Sant Fructu\u00f3s<\/a>.<\/p>\n<p><strong>Herm\u00e1n Pinedo<\/strong>, concejal de Patrimonio del Ayuntamiento de Tarragona, ha hecho \u00e9nfasis en la voluntad del Ayuntamiento de Tarragona de formar parte de la iniciativa: \u201cSe trata de un proyecto de ciudad muy importante y el Ayuntamiento lo ha visto y ha querido participar desde el primer momento. Estamos trabajando juntos para estudiar, proteger y dar a conocer nuestro patrimonio\u201d.<\/p>\n<figure id=\"attachment_80999\" aria-describedby=\"caption-attachment-80999\" style=\"width: 790px\" class=\"wp-caption aligncenter\"><img loading=\"lazy\" class=\"size-large wp-image-80999\" src=\"https:\/\/icac.cat\/wp-content\/uploads\/2022\/11\/ICAC-MDT-presentacio-nou-projecte-catedral_Herman-Pinedo-1024x576.jpg\" alt=\"\" width=\"790\" height=\"444\" srcset=\"https:\/\/icac.cat\/wp-content\/uploads\/2022\/11\/ICAC-MDT-presentacio-nou-projecte-catedral_Herman-Pinedo-1024x576.jpg 1024w, https:\/\/icac.cat\/wp-content\/uploads\/2022\/11\/ICAC-MDT-presentacio-nou-projecte-catedral_Herman-Pinedo-400x225.jpg 400w, https:\/\/icac.cat\/wp-content\/uploads\/2022\/11\/ICAC-MDT-presentacio-nou-projecte-catedral_Herman-Pinedo-768x432.jpg 768w, https:\/\/icac.cat\/wp-content\/uploads\/2022\/11\/ICAC-MDT-presentacio-nou-projecte-catedral_Herman-Pinedo-1536x864.jpg 1536w, https:\/\/icac.cat\/wp-content\/uploads\/2022\/11\/ICAC-MDT-presentacio-nou-projecte-catedral_Herman-Pinedo-2048x1152.jpg 2048w\" sizes=\"(max-width: 790px) 100vw, 790px\" \/><figcaption id=\"caption-attachment-80999\" class=\"wp-caption-text\">Urbano Lorenzo (URV), Jos\u00e9 Mar\u00eda Palet (ICAC), Herm\u00e1n Pinedo (Ayuntamiento de Tarragona) y Josep Bertran (Repsol), durante la rueda de prensa de presentaci\u00f3n del proyecto arqueol\u00f3gico en la Catedral de Tarragona. Noviembre 2022. Foto: ICAC (CC 4.0).<\/figcaption><\/figure>\n<p>&nbsp;<\/p>\n<h5><strong>Un proyecto multidisciplinar y de colaboraci\u00f3n<\/strong><\/h5>\n<p>El vicerrector de la URV, <strong>Urbano Lorenzo<\/strong>, ha destacado el car\u00e1cter multidisciplinar del proyecto, en el que participar\u00e1n profesionales de la arqueolog\u00eda, la arquitectura, la topograf\u00eda, especialistas en numism\u00e1tica, etc. As\u00ed, el proyecto potencia la investigaci\u00f3n y cooperaci\u00f3n entre equipos y disciplinas aplicadas a la investigaci\u00f3n arqueol\u00f3gica.<\/p>\n<p>Ha puesto en valor, tambi\u00e9n, que se trata de <strong>un proyecto de investigaci\u00f3n de proximidad <\/strong>, con agentes del territorio, que a su vez tiene una alta capacidad de impacto social, que ser\u00e1 tambi\u00e9n de proximidad. El apoyo de instituciones y entidades al proyecto es una muestra del reconocimiento de la alta calidad de la investigaci\u00f3n que se lleva a cabo en nuestro territorio.<\/p>\n<p><strong>Josep Bertran<\/strong>, responsable de Comunicaci\u00f3n y Relaciones Externas de Repsol, ha manifestado el inter\u00e9s de Repsol por el \u00e1mbito del patrimonio. Un inter\u00e9s que ya se hab\u00eda manifestado en otras colaboraciones previas, como por ejemplo en el proyecto del ICAC en la cabecera del Circo romano de Tarragona. \u00abEl patrimonio no son s\u00f3lo los <em>castells<\/em> y Santa Tecla\u00bb.<\/p>\n<figure id=\"attachment_80970\" aria-describedby=\"caption-attachment-80970\" style=\"width: 790px\" class=\"wp-caption aligncenter\"><img loading=\"lazy\" class=\"size-large wp-image-80970\" src=\"https:\/\/icac.cat\/wp-content\/uploads\/2022\/11\/ICAC-MDT-presentacio-nou-projecte-catedral_Palet3-1024x624.jpg\" alt=\"\" width=\"790\" height=\"481\" srcset=\"https:\/\/icac.cat\/wp-content\/uploads\/2022\/11\/ICAC-MDT-presentacio-nou-projecte-catedral_Palet3-1024x624.jpg 1024w, https:\/\/icac.cat\/wp-content\/uploads\/2022\/11\/ICAC-MDT-presentacio-nou-projecte-catedral_Palet3-400x244.jpg 400w, https:\/\/icac.cat\/wp-content\/uploads\/2022\/11\/ICAC-MDT-presentacio-nou-projecte-catedral_Palet3-768x468.jpg 768w, https:\/\/icac.cat\/wp-content\/uploads\/2022\/11\/ICAC-MDT-presentacio-nou-projecte-catedral_Palet3-1536x936.jpg 1536w, https:\/\/icac.cat\/wp-content\/uploads\/2022\/11\/ICAC-MDT-presentacio-nou-projecte-catedral_Palet3-2048x1248.jpg 2048w\" sizes=\"(max-width: 790px) 100vw, 790px\" \/><figcaption id=\"caption-attachment-80970\" class=\"wp-caption-text\">Josep M. Palet (izq.), director del ICAC; con Urbano Lorenzo, vicerrector de Pol\u00edtica Cient\u00edfica y Proyectos Interdisciplinares de la URV; y Josep Bertran, responsable de Comunicaci\u00f3n y Relaciones Externas de Repsol. Foto: ICAC (CC 4.0).<\/figcaption><\/figure>\n<p>&nbsp;<\/p>\n<p>Por otra parte, el representante de la Fundaci\u00f3n M\u00fatua Catalana, <strong>Francesc Roig<\/strong>, ha mencionado una publicaci\u00f3n sobre la Catedral de Tarragona que ver\u00e1 la luz este mismo 2023. De car\u00e1cter divulgativo, el contenido cient\u00edfico que contiene est\u00e1 lo suficientemente actualizado como para que pueda estar vigente al menos en los pr\u00f3ximos diez a\u00f1os.<\/p>\n<blockquote><p>\u00abEl segundo gran monumento de la ciudad de Tarragona, despu\u00e9s de la romanidad, es la Catedral\u00bb, Francesc Roig.<\/p><\/blockquote>\n<p>&nbsp;<\/p>\n<h5><strong>Investigaci\u00f3n de proximidad con investigaci\u00f3n aplicada<\/strong><\/h5>\n<p>Los objetivos de la nueva fase del proyecto incluyen la ampliaci\u00f3n del conocimiento arqueol\u00f3gico de la denominada sala axial y el exterior septentrional del t\u00e9menos de culto pagano del recinto de culto de la sede del <em>Concilium Prouinciae Hispaniae Citerioris <\/em>.<\/p>\n<p><strong>Las intervenciones permitir\u00e1n garantizar la protecci\u00f3n y conservaci\u00f3n del pasado arqueol\u00f3gico previo a la construcci\u00f3n del conjunto monumental de la Catedral de Tarragona<\/strong>.<\/p>\n<p>&nbsp;<\/p>\n<p><img loading=\"lazy\" class=\"aligncenter size-large wp-image-80988\" src=\"https:\/\/icac.cat\/wp-content\/uploads\/2022\/11\/ICAC_MDT_presentacio-projecte-Catedral-2022_Diapositiva8-1024x576.jpg\" alt=\"\" width=\"790\" height=\"444\" srcset=\"https:\/\/icac.cat\/wp-content\/uploads\/2022\/11\/ICAC_MDT_presentacio-projecte-Catedral-2022_Diapositiva8-1024x576.jpg 1024w, https:\/\/icac.cat\/wp-content\/uploads\/2022\/11\/ICAC_MDT_presentacio-projecte-Catedral-2022_Diapositiva8-400x225.jpg 400w, https:\/\/icac.cat\/wp-content\/uploads\/2022\/11\/ICAC_MDT_presentacio-projecte-Catedral-2022_Diapositiva8-768x432.jpg 768w, https:\/\/icac.cat\/wp-content\/uploads\/2022\/11\/ICAC_MDT_presentacio-projecte-Catedral-2022_Diapositiva8.jpg 1280w\" sizes=\"(max-width: 790px) 100vw, 790px\" \/><\/p>\n<p>&nbsp;<\/p>\n<p>El pr\u00f3ximo mes de marzo empezar\u00e1n los primeros trabajos arqueol\u00f3gicos, con excavaciones en el exterior del claustro de la Catedral (en la zona que da a los pies de la calle Sant Pau). Se llevar\u00e1n a cabo trabajos de geof\u00edsica con los que se documentar\u00e1n las dimensiones de la Sala Axial, ya que de momento conocemos su planta, pero no su longitud. As\u00ed se podr\u00e1 confirmar si la sala axial llega hasta la fachada de la calle Sant Pau.<\/p>\n<p><img loading=\"lazy\" class=\"aligncenter size-large wp-image-80985\" src=\"https:\/\/icac.cat\/wp-content\/uploads\/2022\/11\/ICAC_MDT_presentacio-projecte-Catedral-2022_Diapositiva9-1024x576.jpg\" alt=\"\" width=\"790\" height=\"444\" srcset=\"https:\/\/icac.cat\/wp-content\/uploads\/2022\/11\/ICAC_MDT_presentacio-projecte-Catedral-2022_Diapositiva9-1024x576.jpg 1024w, https:\/\/icac.cat\/wp-content\/uploads\/2022\/11\/ICAC_MDT_presentacio-projecte-Catedral-2022_Diapositiva9-400x225.jpg 400w, https:\/\/icac.cat\/wp-content\/uploads\/2022\/11\/ICAC_MDT_presentacio-projecte-Catedral-2022_Diapositiva9-768x432.jpg 768w, https:\/\/icac.cat\/wp-content\/uploads\/2022\/11\/ICAC_MDT_presentacio-projecte-Catedral-2022_Diapositiva9.jpg 1280w\" sizes=\"(max-width: 790px) 100vw, 790px\" \/><\/p>\n<p>&nbsp;<\/p>\n<p>Con la obtenci\u00f3n de esta nueva informaci\u00f3n se podr\u00e1 <strong>ampliar y mejorar la parte museogr\u00e1fica de las actuales instalaciones de la sala de la exedra <\/strong>con la ampliaci\u00f3n de otras dos salas: antigua tienda y aula capitular. Adem\u00e1s de las excavaciones, durante 2023 se realizar\u00e1n varias <strong>jornadas de puertas abiertas <\/strong>para dar a conocer el proyecto a la ciudadan\u00eda.<\/p>\n<p>Durante 2024, las actuaciones se centrar\u00e1n en la antigua sala axial, siguiendo el legado de los trabajos iniciados por Joan Serra Vilar\u00f3 en 1933. En 2025 los trabajos se centrar\u00e1n en los jardines de la capilla de Santa Tecla la Vella, donde los trabajos de estratigraf\u00eda permitir\u00e1n ver mejor las estructuras del recinto sagrado del templo.<\/p>\n<p>&nbsp;<\/p>\n<p><img loading=\"lazy\" class=\"aligncenter size-large wp-image-80991\" src=\"https:\/\/icac.cat\/wp-content\/uploads\/2022\/11\/ICAC_MDT_presentacio-projecte-Catedral-2022_Diapositiva10-1024x576.jpg\" alt=\"\" width=\"790\" height=\"444\" srcset=\"https:\/\/icac.cat\/wp-content\/uploads\/2022\/11\/ICAC_MDT_presentacio-projecte-Catedral-2022_Diapositiva10-1024x576.jpg 1024w, https:\/\/icac.cat\/wp-content\/uploads\/2022\/11\/ICAC_MDT_presentacio-projecte-Catedral-2022_Diapositiva10-400x225.jpg 400w, https:\/\/icac.cat\/wp-content\/uploads\/2022\/11\/ICAC_MDT_presentacio-projecte-Catedral-2022_Diapositiva10-768x432.jpg 768w, https:\/\/icac.cat\/wp-content\/uploads\/2022\/11\/ICAC_MDT_presentacio-projecte-Catedral-2022_Diapositiva10.jpg 1280w\" sizes=\"(max-width: 790px) 100vw, 790px\" \/><\/p>\n<p>&nbsp;<\/p>\n<p>Con la <strong>adecuaci\u00f3n de los jardines de Santa Tecla la Vella <\/strong>se podr\u00e1 incorporar la capilla al circuito muse\u00edstico del Museo Diocesano de Tarragona, con el relato: \u00abEl mundo de la muerte en el cristianismo\u00bb.<\/p>\n<p>En cuanto a la investigaci\u00f3n aplicada, se revisar\u00e1n y estudiar los fondos museogr\u00e1ficos del Museo Diocesano derivados de las excavaciones arqueol\u00f3gicas de Joan Serra Vilar\u00f3 y Theodor Hauschild.<\/p>\n<p>&nbsp;<\/p>\n<p><img loading=\"lazy\" class=\"aligncenter size-large wp-image-80994\" src=\"https:\/\/icac.cat\/wp-content\/uploads\/2022\/11\/ICAC_MDT_presentacio-projecte-Catedral-2022_Diapositiva11-1024x576.jpg\" alt=\"\" width=\"790\" height=\"444\" srcset=\"https:\/\/icac.cat\/wp-content\/uploads\/2022\/11\/ICAC_MDT_presentacio-projecte-Catedral-2022_Diapositiva11-1024x576.jpg 1024w, https:\/\/icac.cat\/wp-content\/uploads\/2022\/11\/ICAC_MDT_presentacio-projecte-Catedral-2022_Diapositiva11-400x225.jpg 400w, https:\/\/icac.cat\/wp-content\/uploads\/2022\/11\/ICAC_MDT_presentacio-projecte-Catedral-2022_Diapositiva11-768x432.jpg 768w, https:\/\/icac.cat\/wp-content\/uploads\/2022\/11\/ICAC_MDT_presentacio-projecte-Catedral-2022_Diapositiva11.jpg 1280w\" sizes=\"(max-width: 790px) 100vw, 790px\" \/><\/p>\n<p>A partir de los estudios arqueol\u00f3gicos y documentales se podr\u00e1 obtener una secuencia diacr\u00f3nica que explique la transformaci\u00f3n del sector noroccidental de la Catedral de Tarragona desde \u00e9poca romana hasta la actualidad.<\/p>\n<div class=\"highlight-block\">\n<p>El nuevo proyecto de la Catedral de Tarragona permitir\u00e1 disponer en la ciudad de uno de los espacios museogr\u00e1ficos diacr\u00f3nicos m\u00e1s completos de la Pen\u00ednsula Ib\u00e9rica.<\/p>\n<\/div>\n<p>De hecho, los trabajos de musealizaci\u00f3n del proyecto se vehiculan con el Plan Estrat\u00e9gico del Museo Diocesano de Tarragona. As\u00ed, el plan estrat\u00e9gico de musealizaci\u00f3n del Museo Diocesano vehicula las diferentes intervenciones arqueol\u00f3gicas que se ir\u00e1n realizando desde 2022 y hasta 2025.<\/p>\n<p>&nbsp;<\/p>\n<h5><strong>Acto de presentaci\u00f3n del proyecto<\/strong><\/h5>\n<p>El proyecto \u00abExcavaciones en el conjunto monumental de la Catedral de Tarragona (III Fase). A\u00f1os 2022-2025\u00bb se present\u00f3 en rueda de prensa, en la Catedral de Tarragona, el lunes 28 de noviembre de 2022.<\/p>\n<p>Asistieron al acto: Lurdes Malgrat (directora de los Servicios Territoriales de Cultura en Tarragona, Generalitat de Catalunya), Herm\u00e1n Pinedo (concejal de Patrimonio del Ayuntamiento de Tarragona), Urbano Lorenzo (vicerrector de Pol\u00edtica Cient\u00edfica y Proyectos Interdisciplinarios, Universidad Rovira i Virgili), <a href=\"http:\/\/icac.cat\/es\/quienes-somos\/personal\/jpalet\/\" target=\"_blank\" rel=\"noopener\">Josep Maria Palet<\/a> (director del ICAC), Antoni P. de Mendiguren (decano del Cap\u00edtulo Catedral de Tarragona), Josep Bertran (responsable de Comunicaci\u00f3n y Relaciones Externas de Repsol), Francesc Roig (patr\u00f3n de la Fundaci\u00f3n Privada M\u00fatua Catalana y presidente de Caritas Catalunya), <a href=\"http:\/\/icac.cat\/es\/quienes-somos\/personal\/amunoz\/\" target=\"_blank\" rel=\"noopener\">Andreu Mu\u00f1oz<\/a> (director del Museo Diocesano) y <a href=\"http:\/\/icac.cat\/es\/quienes-somos\/personal\/jmmacias\/\" target=\"_blank\" rel=\"noopener\">Josep Maria Macias<\/a> (investigador de el ICAC).<\/p>\n<p>&nbsp;<\/p>\n<h5><strong>Antecedentes<\/strong><\/h5>\n<p>El ICAC empez\u00f3 a investigar el conjunto monumental de la Catedral de Tarragona en 2005, a trav\u00e9s de la l\u00ednea de investigaci\u00f3n sobre la ciudad antigua y, especialmente, <em>Tarraco<\/em>, y en colaboraci\u00f3n con el Arzobispado de Tarragona, los Servicios Territoriales de Cultura de la Generalitat de Catalunya y el Ayuntamiento de Tarragona.<\/p>\n<p>Tras las prospecciones geof\u00edsicas de 2007, en 2010 se levant\u00f3 el subsuelo de la Catedral y se hall\u00f3 <strong>el Templo de Augusto<\/strong>: unos restos de grandes estructuras arquitect\u00f3nicas que se pueden atribuir al templo que levantaron los tarraconenses del siglo I d. C. en honor a aqu\u00e9l emperador que residi\u00f3 en T\u00e1rraco durante dos a\u00f1os (26 y 25 a. C.) y convirti\u00f3 a la ciudad en la capital del mundo romano.<\/p>\n<p>En fases posteriores, se realizaron trabajos arqueol\u00f3gicos tanto en la nave central como en peque\u00f1os sectores en diversos puntos de la Catedral. La intervenci\u00f3n hizo que tuvieran que extraerse y numerarse el pavimento de la catedral, que luego los arque\u00f3logos volvieron a reponer. Las acciones se acompa\u00f1aron de acciones de difusi\u00f3n, que permitieron que 1.700 personas visitaran las excavaciones.<\/p>\n<p>&nbsp;<\/p>\n<figure id=\"attachment_29117\" aria-describedby=\"caption-attachment-29117\" style=\"width: 640px\" class=\"wp-caption aligncenter\"><img loading=\"lazy\" class=\"size-full wp-image-29117\" src=\"https:\/\/icac.cat\/wp-content\/uploads\/2017\/10\/catedral_tgn_premsa.jpg\" alt=\"\" width=\"640\" height=\"480\" srcset=\"https:\/\/icac.cat\/wp-content\/uploads\/2017\/10\/catedral_tgn_premsa.jpg 640w, https:\/\/icac.cat\/wp-content\/uploads\/2017\/10\/catedral_tgn_premsa-400x300.jpg 400w\" sizes=\"(max-width: 640px) 100vw, 640px\" \/><figcaption id=\"caption-attachment-29117\" class=\"wp-caption-text\">Presentaci\u00f3n de las intervenciones en la Catedral de Tarragona (2010-2011). Foto: ICAC (CC 4.0).<\/figcaption><\/figure>\n<p>&nbsp;<\/p>\n<hr \/>\n<div class=\"highlight-block\">\n<p>El proyecto \u00abExcavaciones en el conjunto monumental de la Catedral de Tarragona (III Fase). A\u00f1os 2022-2025\u00bb es un proyecto subvencionado dentro de la <strong>convocatoria de proyectos cuatrienales <\/strong>de investigaci\u00f3n en materia de arqueolog\u00eda y paleontolog\u00eda del Departamento de Cultura de la Generalitat de Catalunya (a\u00f1os 2022-2025), seg\u00fan resoluci\u00f3n CLT \/17\/2022 de 10 de enero (CVE-DOGC-A-22011059-2022).<\/p>\n<\/div>\n<div data-carousel-extra='{\"blog_id\":1,\"permalink\":\"https:\\\/\\\/icac.cat\\\/es\\\/actualitat\\\/noticies\\\/2022\\\/presentacion-catedral-tarragona\\\/\"}' id='gallery-1' class='gallery galleryid-81019 gallery-columns-2 gallery-size-medium'><figure class='gallery-item'>\n\t\t\t<div class='gallery-icon landscape'>\n\t\t\t\t<a href='https:\/\/icac.cat\/es\/actualitat\/noticies\/2022\/presentacion-catedral-tarragona\/icac-20anys-colors-ajustat-600px-2\/'><img data-attachment-id=\"80980\" data-orig-file=\"https:\/\/icac.cat\/wp-content\/uploads\/2022\/11\/ICAC-20anys-colors-ajustat-600px.jpg\" data-orig-size=\"600,260\" data-comments-opened=\"0\" data-image-meta=\"{&quot;aperture&quot;:&quot;0&quot;,&quot;credit&quot;:&quot;&quot;,&quot;camera&quot;:&quot;&quot;,&quot;caption&quot;:&quot;&quot;,&quot;created_timestamp&quot;:&quot;0&quot;,&quot;copyright&quot;:&quot;&quot;,&quot;focal_length&quot;:&quot;0&quot;,&quot;iso&quot;:&quot;0&quot;,&quot;shutter_speed&quot;:&quot;0&quot;,&quot;title&quot;:&quot;&quot;,&quot;orientation&quot;:&quot;0&quot;,&quot;keywords&quot;:&quot;Array&quot;}\" data-image-title=\"ICAC-20anys-colors-ajustat-600px\" data-image-description=\"\" data-medium-file=\"https:\/\/icac.cat\/wp-content\/uploads\/2022\/11\/ICAC-20anys-colors-ajustat-600px-400x173.jpg\" data-large-file=\"https:\/\/icac.cat\/wp-content\/uploads\/2022\/11\/ICAC-20anys-colors-ajustat-600px.jpg\" width=\"400\" height=\"173\" src=\"https:\/\/icac.cat\/wp-content\/uploads\/2022\/11\/ICAC-20anys-colors-ajustat-600px-400x173.jpg\" class=\"attachment-medium size-medium\" alt=\"\" loading=\"lazy\" srcset=\"https:\/\/icac.cat\/wp-content\/uploads\/2022\/11\/ICAC-20anys-colors-ajustat-600px-400x173.jpg 400w, https:\/\/icac.cat\/wp-content\/uploads\/2022\/11\/ICAC-20anys-colors-ajustat-600px.jpg 600w\" sizes=\"(max-width: 400px) 100vw, 400px\" \/><\/a>\n\t\t\t<\/div><\/figure><figure class='gallery-item'>\n\t\t\t<div class='gallery-icon landscape'>\n\t\t\t\t<a href='https:\/\/icac.cat\/es\/actualitat\/noticies\/2021\/costa-de-la-serra-2021\/logo-dpt-cultura-gencat-oficial-2\/'><img data-attachment-id=\"72637\" data-orig-file=\"https:\/\/icac.cat\/wp-content\/uploads\/2021\/08\/Logo-Dpt-Cultura-Gencat-oficial.jpg\" data-orig-size=\"454,104\" data-comments-opened=\"0\" data-image-meta=\"{&quot;aperture&quot;:&quot;0&quot;,&quot;credit&quot;:&quot;&quot;,&quot;camera&quot;:&quot;&quot;,&quot;caption&quot;:&quot;&quot;,&quot;created_timestamp&quot;:&quot;0&quot;,&quot;copyright&quot;:&quot;&quot;,&quot;focal_length&quot;:&quot;0&quot;,&quot;iso&quot;:&quot;0&quot;,&quot;shutter_speed&quot;:&quot;0&quot;,&quot;title&quot;:&quot;&quot;,&quot;orientation&quot;:&quot;0&quot;}\" data-image-title=\"Logo Dpt Cultura Gencat (oficial)\" data-image-description=\"\" data-medium-file=\"https:\/\/icac.cat\/wp-content\/uploads\/2021\/08\/Logo-Dpt-Cultura-Gencat-oficial-400x92.jpg\" data-large-file=\"https:\/\/icac.cat\/wp-content\/uploads\/2021\/08\/Logo-Dpt-Cultura-Gencat-oficial.jpg\" width=\"400\" height=\"92\" src=\"https:\/\/icac.cat\/wp-content\/uploads\/2021\/08\/Logo-Dpt-Cultura-Gencat-oficial-400x92.jpg\" class=\"attachment-medium size-medium\" alt=\"\" loading=\"lazy\" srcset=\"https:\/\/icac.cat\/wp-content\/uploads\/2021\/08\/Logo-Dpt-Cultura-Gencat-oficial-400x92.jpg 400w, https:\/\/icac.cat\/wp-content\/uploads\/2021\/08\/Logo-Dpt-Cultura-Gencat-oficial.jpg 454w\" sizes=\"(max-width: 400px) 100vw, 400px\" \/><\/a>\n\t\t\t<\/div><\/figure>\n\t\t<\/div>\n\n<ul>\n<li>Instituciones promotoras: Instituto Catal\u00e1n de Arqueolog\u00eda Cl\u00e1sica y Museo Diocesano de Tarragona.<\/li>\n<li>Direcci\u00f3n arqueol\u00f3gica del proyecto: <a href=\"http:\/\/icac.cat\/es\/quienes-somos\/personal\/jmmacias\/\" target=\"_blank\" rel=\"noopener\">Josep Maria Macias Sol\u00e9<\/a>, investigador senior del Instituto Catal\u00e1n de Arqueolog\u00eda Cl\u00e1sica, donde coordina el <a href=\"https:\/\/icac.cat\/es\/investigacion\/equipos-de-investigacion\/arqueologia-cristiana-y-de-la-antiguedad-tardia\/\">equipo de investigaci\u00f3n en Arqueolog\u00eda Cristiana y de la Antig\u00fcedad Tard\u00eda<\/a>.<\/li>\n<li>Direcci\u00f3n museogr\u00e1fica del proyecto: <a href=\"http:\/\/icac.cat\/es\/quienes-somos\/personal\/amunoz\/\">Andreu Mu\u00f1oz Melgar<\/a>, director del Museo Diocesano de Tarragona y el Museo B\u00edblico Tarraconense; investigador adscrito al Instituto Catal\u00e1n de Arqueolog\u00eda Cl\u00e1sica.<\/li>\n<li>Equipo de investigaci\u00f3n: N\u00faria Armentano (MAC), <a href=\"http:\/\/icac.cat\/es\/quienes-somos\/personal\/ocaldes\/\">Oscar Cald\u00e9s<\/a>\u00a0(ICAC), Albert Casas (UB), Sergio Coll (URV), Agust\u00ed Costa (URV), Iv\u00e1n Fern\u00e1ndez (URV), <a href=\"http:\/\/icac.cat\/es\/quienes-somos\/personal\/kfortuny\/\">Karen Fortuny<\/a> (ICAC), <a href=\"http:\/\/icac.cat\/es\/quienes-somos\/personal\/dgorostidi\/\">Diana Gorostidi<\/a> (URV-ICAC), <a href=\"http:\/\/icac.cat\/es\/quienes-somos\/personal\/abelgallego\/\">Abel Gallego<\/a> (ICAC), <a href=\"https:\/\/icac.cat\/qui-som\/personal\/agutierrez\/\" target=\"_blank\" rel=\"noopener\">Anna Guti\u00e9rrez Garcia-Moreno<\/a> (ICAC), Mahjoub Himi (UB), Andreu Mu\u00f1oz Virgili (ICAC), <a href=\"http:\/\/icac.cat\/es\/quienes-somos\/personal\/jpuche\/\">Josep Maria Puche<\/a> (ICAC), M\u00edriam Ramon (Museu B\u00edblic Tarraconense), <a href=\"http:\/\/icac.cat\/es\/quienes-somos\/personal\/iroda\/\">Isabel Rod\u00e0<\/a> (UAB-ICAC), <a href=\"http:\/\/icac.cat\/es\/quienes-somos\/personal\/frodriguez\/\">Francesc Rodr\u00edguez<\/a> (URV\/UB\/ICAC), Imma Teixell (Generalitat de Catalunya), <a href=\"http:\/\/icac.cat\/es\/quienes-somos\/personal\/jmtoldra\/\">Josep Maria Toldr\u00e0<\/a> (URV-ICAC).<\/li>\n<\/ul>\n<p>M\u00e1s informaci\u00f3n sobre las fases anterior del proyecto: Fase I del proyecto (<a href=\"https:\/\/icac.cat\/recerca\/projectes-de-recerca\/projecte\/projecte-de-recerca-arqueologica-al-recinte-de-culte-de-la-seu-del-concilium-prouinciae-hispaniae\/\">aqu\u00ed<\/a>), Fase II (<a href=\"https:\/\/icac.cat\/recerca\/projectes-de-recerca\/projecte\/excavacions-a-lentorn-de-la-catedral-de-tarragona-ii-fase\/\">aqu\u00ed<\/a>), proyecto Tarracr\u00f3polis (<a href=\"https:\/\/icac.cat\/actualitat\/noticies\/2022\/punt-i-seguit-al-projecte-museografic-i-de-recerca-al-voltant-de-lacropolis-de-tarragona-amb-la-presentacio-del-llibre-tarracropolis\/\">aqu\u00ed<\/a>).<\/p>\n<div class=\"highlight-block\">\n<p>El <a href=\"http:\/\/www.icac.cat\" target=\"_blank\" rel=\"noopener\">Instituto Catal\u00e1n de Arqueolog\u00eda Cl\u00e1sica <\/a>(ICAC) es un <strong>centro CERCA <\/strong>creado como consorcio en 2003 por la Generalitat de Catalunya y la Universidad Rovira i Virgili. Tiene su sede en Tarragona, ciudad reconocida como Patrimonio Mundial por la UNESCO en 2000, y est\u00e1 especializado en la investigaci\u00f3n y formaci\u00f3n avanzada en arqueolog\u00eda cl\u00e1sica.<\/p>\n<\/div>\n<p><img loading=\"lazy\" class=\"aligncenter size-medium wp-image-80280\" src=\"https:\/\/icac.cat\/wp-content\/uploads\/2022\/10\/CERCA-MARCA-A-400x157.jpg\" alt=\"\" width=\"400\" height=\"157\" srcset=\"https:\/\/icac.cat\/wp-content\/uploads\/2022\/10\/CERCA-MARCA-A-400x157.jpg 400w, https:\/\/icac.cat\/wp-content\/uploads\/2022\/10\/CERCA-MARCA-A-1024x401.jpg 1024w, https:\/\/icac.cat\/wp-content\/uploads\/2022\/10\/CERCA-MARCA-A-768x301.jpg 768w, https:\/\/icac.cat\/wp-content\/uploads\/2022\/10\/CERCA-MARCA-A-1536x602.jpg 1536w, https:\/\/icac.cat\/wp-content\/uploads\/2022\/10\/CERCA-MARCA-A.jpg 1830w\" sizes=\"(max-width: 400px) 100vw, 400px\" \/><\/p>\n","protected":false},"excerpt":{"rendered":"<p>Los trabajos forman parte de la tercera fase de excavaciones arqueol\u00f3gicas en la Catedral, en el marco de los proyectos cuadrienales de la Generalitat de Catalunya y el Plan Estrat\u00e9gico del Museo Diocesano de Tarragona. El Instituto Catal\u00e1n de Arqueolog\u00eda Cl\u00e1sica (ICAC) y el Museo Diocesano de Tarragona\u00a0ponen en marcha una nueva fase de investigaci\u00f3n [&hellip;]<\/p>\n","protected":false},"author":160,"featured_media":80977,"comment_status":"closed","ping_status":"closed","sticky":false,"template":"","format":"standard","meta":{"_genesis_hide_title":false,"_genesis_hide_breadcrumbs":false,"_genesis_hide_singular_image":false,"_genesis_hide_footer_widgets":false,"_genesis_custom_body_class":"","_genesis_custom_post_class":"","_genesis_layout":""},"categories":[329,335,343,332,337],"tags":[991,872,813,863],"_links":{"self":[{"href":"https:\/\/icac.cat\/es\/wp-json\/wp\/v2\/posts\/81019"}],"collection":[{"href":"https:\/\/icac.cat\/es\/wp-json\/wp\/v2\/posts"}],"about":[{"href":"https:\/\/icac.cat\/es\/wp-json\/wp\/v2\/types\/post"}],"author":[{"embeddable":true,"href":"https:\/\/icac.cat\/es\/wp-json\/wp\/v2\/users\/160"}],"replies":[{"embeddable":true,"href":"https:\/\/icac.cat\/es\/wp-json\/wp\/v2\/comments?post=81019"}],"version-history":[{"count":5,"href":"https:\/\/icac.cat\/es\/wp-json\/wp\/v2\/posts\/81019\/revisions"}],"predecessor-version":[{"id":81030,"href":"https:\/\/icac.cat\/es\/wp-json\/wp\/v2\/posts\/81019\/revisions\/81030"}],"wp:featuredmedia":[{"embeddable":true,"href":"https:\/\/icac.cat\/es\/wp-json\/wp\/v2\/media\/80977"}],"wp:attachment":[{"href":"https:\/\/icac.cat\/es\/wp-json\/wp\/v2\/media?parent=81019"}],"wp:term":[{"taxonomy":"category","embeddable":true,"href":"https:\/\/icac.cat\/es\/wp-json\/wp\/v2\/categories?post=81019"},{"taxonomy":"post_tag","embeddable":true,"href":"https:\/\/icac.cat\/es\/wp-json\/wp\/v2\/tags?post=81019"}],"curies":[{"name":"wp","href":"https:\/\/api.w.org\/{rel}","templated":true}]}}