{"id":82324,"date":"2023-02-07T12:34:50","date_gmt":"2023-02-07T11:34:50","guid":{"rendered":"https:\/\/icac.cat\/?p=82324"},"modified":"2023-02-08T08:06:31","modified_gmt":"2023-02-08T07:06:31","slug":"11f2023","status":"publish","type":"post","link":"https:\/\/icac.cat\/es\/actualitat\/noticies\/2023\/11f2023\/","title":{"rendered":"11F, una jornada para reivindicar el trabajo de las mujeres cient\u00edficas"},"content":{"rendered":"<h6>En febrero se conmemora el 11F, D\u00eda Internacional de la Mujer y la Ni\u00f1a en la Ciencia, con el objetivo de visibilizar y poner en valor el trabajo de las mujeres investigadoras en todo el mundo, as\u00ed como fomentar las vocaciones cient\u00edficas en las ni\u00f1as.<\/h6>\n<p>El 11-F se celebra el <a href=\"https:\/\/www.un.org\/es\/observances\/women-and-girls-in-science-day\" target=\"_blank\" rel=\"noopener\">D\u00eda Internacional de la Mujer y la Ni\u00f1a en la Ciencia<\/a> desde 2016, despu\u00e9s de su proclamaci\u00f3n por la Asamblea General de las Naciones Unidas. El objetivo de este d\u00eda es reconocer el papel clave que juegan las mujeres en la Ciencia y la Tecnolog\u00eda, hacer m\u00e1s visible su trabajo y crear referentes femeninos para la infancia que puedan contribuir a la elecci\u00f3n de estas carreras profesionales por parte de las ni\u00f1as.<\/p>\n<p>El ICAC se suma por quinto a\u00f1o consecutivo a esta celebraci\u00f3n y, a iniciativa del <a href=\"https:\/\/icac.cat\/es\/quienes-somos\/excelencia-en-rh\/igualdad\/\" target=\"_blank\" rel=\"noopener\">Comit\u00e9 de Igualdad<\/a>, participa en distintas actividades.<\/p>\n<div class=\"highlight-block\">\n<p style=\"text-align: center;\">S\u00edguenos en redes con las etiquetas #DonaiCi\u00e8ncia #WomeninScience #11F <a href=\"https:\/\/twitter.com\/hashtag\/IgualtatICAC?src=hashtag_click\" target=\"_blank\" rel=\"noopener\">#IgualtatICAC<\/a> #CERCAgender #Lesnostresreferents.<\/p>\n<\/div>\n<h6><\/h6>\n<h6>Reivindicamos el papel de las mujeres en la ciencia<\/h6>\n<p>El <a href=\"https:\/\/icac.cat\/es\/quienes-somos\/excelencia-en-rh\/igualdad\/\" target=\"_blank\" rel=\"noopener\">Comit\u00e9 de Igualdad<\/a> del ICAC organiza una charla online para conocer la trayectoria y motivaciones de la Prof. <a href=\"https:\/\/www.hist.auth.gr\/en\/dep_members\/valamoti-soultana-maria\/\" target=\"_blank\" rel=\"noopener\"><strong>Soultana Valamoti<\/strong><\/a> (Universidad Aristot\u00e9lica de Tesal\u00f3nica), un referente en el estudio de la arqueobot\u00e1nica y las t\u00e9cnicas de recuperaci\u00f3n de restos biol\u00f3gicos sobre el terreno. Es tambi\u00e9n una persona muy activa en temas de igualdad de g\u00e9nero y acoso sexual, como representante de la Escuela de Historia y Arqueolog\u00eda en el comit\u00e9 de igualdad de la Facultad de Filosof\u00eda de la Univ. Aristot\u00e9lica de Tesal\u00f3nica.<\/p>\n<p>Con la charla <strong>\u00abThe story of golden bracelet: a personal view on fine juggling act of being a working woman in academia\u00bb<\/strong>, la Dra. Valamoti nos hablar\u00e1 de las m\u00faltiples dificultades a que hacen frente las mujeres investigadoras, as\u00ed como de la importancia de las acciones de sensibilizaci\u00f3n y visibilizaci\u00f3n.<\/p>\n<div class=\"highlight-block\">\n<p style=\"text-align: center;\">La charla se celebrar\u00e1 el <strong>viernes 10 de febrero, a las 13 h<\/strong>.<\/p>\n<p style=\"text-align: center;\"><a href=\"https:\/\/teams.microsoft.com\/l\/meetup-join\/19%3ameeting_NWU5MGU2YjQtZWM1ZS00NWQ0LTg2ZDktOWExMWMwZWUzOGQ2%40thread.v2\/0?context=%7b%22Tid%22%3a%22eb2b7ec4-04ec-4a5a-9ee3-d87fa14c34a3%22%2c%22Oid%22%3a%22766c9d86-24cc-4f7c-85d8-e10743e803e6%22%7d\" target=\"_blank\" rel=\"noopener\">\u00a1En l\u00ednea y en abierto, en este <strong>enlace<\/strong><\/a>!<\/p>\n<\/div>\n<p>&nbsp;<\/p>\n<h6>Nuestras referentes<\/h6>\n<p>A partir del 10 de febrero y durante varios d\u00edas lanzaremos una campa\u00f1a de sensibilizaci\u00f3n en redes para visibilizar algunas de nuestras referentes en arqueolog\u00eda. De la mano de varios investigadores e investigadoras del ICAC, hemos preparado unas p\u00edldoras en v\u00eddeo con las que conoceremos el trabajo de mujeres que destacan o han destacado por sus contribuciones en el \u00e1mbito de la arqueolog\u00eda y que consideramos nuestras referentes.<\/p>\n<div class=\"highlight-block\">\n<p style=\"text-align: center;\">Comparte la campa\u00f1a <strong>Nuestras referentes<\/strong>\u00a0en <a href=\"https:\/\/twitter.com\/ICAC_cat\" target=\"_blank\" rel=\"noopener\">Twitter<\/a> (#Lesnostresreferents) y en <a href=\"https:\/\/www.instagram.com\/ICAC_cat\/\" target=\"_blank\" rel=\"noopener\">Instagram<\/a>!<\/p>\n<\/div>\n<p>&nbsp;<\/p>\n<h6>\u00a1Somos #100t\u00edficas!<\/h6>\n<p>Por quinto a\u00f1o consecutivo, la <a href=\"https:\/\/100tifiques.cat\/es\/inicio\/\" target=\"_blank\" rel=\"noopener\">Fundaci\u00f3n Catalana para la Investigaci\u00f3n y la Innovaci\u00f3n (FCRI)<\/a> y la Barcelona Institute of Science and Technology (BIST) organizan una nueva edici\u00f3n de la iniciativa <a href=\"https:\/\/100tifiques.cat\/es\/inicio\/\" target=\"_blank\" rel=\"noopener\"><strong>100t\u00edficas<\/strong><\/a> con motivo de la conmemoraci\u00f3n del <strong>D\u00eda Internacional de las Mujeres y las Ni\u00f1as en la Ciencia<\/strong> y haciendo posible que centros escolares de todo el pa\u00eds tengan la oportunidad de conectar y conocer a investigadoras y tecn\u00f3logas del entorno de la empresa, centros de investigaci\u00f3n y universidades en Catalunya y el mundo.<\/p>\n<div class=\"highlight-block\">\n<p>La investigadora postdoctoral Beatriu de Pin\u00f3s <a href=\"http:\/\/icac.cat\/es\/quienes-somos\/personal\/mmateu\/\" target=\"_blank\" rel=\"noopener\"><strong>Marta Mateu Sagu\u00e9s<\/strong><\/a>, del equipo de <a href=\"https:\/\/icac.cat\/es\/investigacion\/equipos-de-investigacion\/arqueologia-protohistorica\/\" target=\"_blank\" rel=\"noopener\">Arqueologia Protohist\u00f2rica<\/a>, dar\u00e1 una charla en la <a href=\"https:\/\/vedrunaberga.cat\/\" target=\"_blank\" rel=\"noopener\">Escuela Vedruna de Berga<\/a>, el d\u00eda 10 de febrero.<\/p>\n<\/div>\n<blockquote><p>El dia 10 de febrer 561 #100t\u00edficas visitar\u00e1n 496 escuelas para explicar a ni\u00f1os y ni\u00f1as que en el futuro pueden llegar a ser lo que quieran. Maria Bouabdellah y David Its Me, del programa R\u00e0ndom del Canal X3, os presentan aqu\u00ed el proyecto #100t\u00edfiques, que coorganizan la Fundaci\u00f3n Catalana para la Investigaci\u00f3n y la Innovaci\u00f3n (FCRI) y el BIST con la colaboraci\u00f3n de la Generalitat de Catalunya.<\/p><\/blockquote>\n<p><iframe loading=\"lazy\" title=\"YouTube video player\" src=\"https:\/\/www.youtube.com\/embed\/-nC_oWYjxp8\" width=\"560\" height=\"315\" frameborder=\"0\" allowfullscreen=\"allowfullscreen\" data-mce-fragment=\"1\"><\/iframe><\/p>\n<p>&nbsp;<\/p>\n<div class=\"highlight-block\">\n<p>La organizaci\u00f3n de las actividades para la conmemoraci\u00f3n del D\u00eda Internacional de la Mujer y la Ni\u00f1a en la Ciencia (11F) es una iniciativa del <a href=\"http:\/\/comiteigualtat.icac.cat\/es\/inicio\/\" target=\"_blank\" rel=\"noopener\"><strong>Comit\u00e9 de Igualdad del ICAC<\/strong><\/a>, en el marco del desarrollo de las acciones del\u00a0<a href=\"https:\/\/icac.cat\/es\/quienes-somos\/excelencia-en-rh\/igualdad\/\">Plan de Igualdad del ICAC<\/a>\u00a0y la\u00a0<a href=\"https:\/\/icac.cat\/es\/quienes-somos\/excelencia-en-rh\/hr-excellence-in-research\/\">estrategia HRS4R<\/a>\u00a0del centro.<\/p>\n<\/div>\n<p><a href=\"https:\/\/icac.cat\/wp-content\/uploads\/2022\/06\/Logo-Comite-Igualtat-HRS4R.png\"><img loading=\"lazy\" class=\"aligncenter size-full wp-image-78433\" src=\"https:\/\/icac.cat\/wp-content\/uploads\/2022\/06\/Logo-Comite-Igualtat-HRS4R.png\" alt=\"\" width=\"500\" height=\"500\" srcset=\"https:\/\/icac.cat\/wp-content\/uploads\/2022\/06\/Logo-Comite-Igualtat-HRS4R.png 500w, https:\/\/icac.cat\/wp-content\/uploads\/2022\/06\/Logo-Comite-Igualtat-HRS4R-400x400.png 400w, https:\/\/icac.cat\/wp-content\/uploads\/2022\/06\/Logo-Comite-Igualtat-HRS4R-120x120.png 120w, https:\/\/icac.cat\/wp-content\/uploads\/2022\/06\/Logo-Comite-Igualtat-HRS4R-264x264.png 264w\" sizes=\"(max-width: 500px) 100vw, 500px\" \/><\/a><\/p>\n","protected":false},"excerpt":{"rendered":"<p>En febrero se conmemora el 11F, D\u00eda Internacional de la Mujer y la Ni\u00f1a en la Ciencia, con el objetivo de visibilizar y poner en valor el trabajo de las mujeres investigadoras en todo el mundo, as\u00ed como fomentar las vocaciones cient\u00edficas en las ni\u00f1as. El 11-F se celebra el D\u00eda Internacional de la Mujer [&hellip;]<\/p>\n","protected":false},"author":160,"featured_media":82330,"comment_status":"closed","ping_status":"closed","sticky":false,"template":"","format":"standard","meta":{"_genesis_hide_title":false,"_genesis_hide_breadcrumbs":false,"_genesis_hide_singular_image":false,"_genesis_hide_footer_widgets":false,"_genesis_custom_body_class":"","_genesis_custom_post_class":"","_genesis_layout":""},"categories":[329,331,335,343,332,337,323],"tags":[862,999,549],"_links":{"self":[{"href":"https:\/\/icac.cat\/es\/wp-json\/wp\/v2\/posts\/82324"}],"collection":[{"href":"https:\/\/icac.cat\/es\/wp-json\/wp\/v2\/posts"}],"about":[{"href":"https:\/\/icac.cat\/es\/wp-json\/wp\/v2\/types\/post"}],"author":[{"embeddable":true,"href":"https:\/\/icac.cat\/es\/wp-json\/wp\/v2\/users\/160"}],"replies":[{"embeddable":true,"href":"https:\/\/icac.cat\/es\/wp-json\/wp\/v2\/comments?post=82324"}],"version-history":[{"count":3,"href":"https:\/\/icac.cat\/es\/wp-json\/wp\/v2\/posts\/82324\/revisions"}],"predecessor-version":[{"id":82335,"href":"https:\/\/icac.cat\/es\/wp-json\/wp\/v2\/posts\/82324\/revisions\/82335"}],"wp:featuredmedia":[{"embeddable":true,"href":"https:\/\/icac.cat\/es\/wp-json\/wp\/v2\/media\/82330"}],"wp:attachment":[{"href":"https:\/\/icac.cat\/es\/wp-json\/wp\/v2\/media?parent=82324"}],"wp:term":[{"taxonomy":"category","embeddable":true,"href":"https:\/\/icac.cat\/es\/wp-json\/wp\/v2\/categories?post=82324"},{"taxonomy":"post_tag","embeddable":true,"href":"https:\/\/icac.cat\/es\/wp-json\/wp\/v2\/tags?post=82324"}],"curies":[{"name":"wp","href":"https:\/\/api.w.org\/{rel}","templated":true}]}}