{"id":83685,"date":"2023-03-08T09:56:25","date_gmt":"2023-03-08T08:56:25","guid":{"rendered":"https:\/\/icac.cat\/?p=83685"},"modified":"2023-03-08T10:20:31","modified_gmt":"2023-03-08T09:20:31","slug":"8m2023","status":"publish","type":"post","link":"https:\/\/icac.cat\/es\/actualitat\/noticies\/2023\/8m2023\/","title":{"rendered":"\u00abEn los feminismos, \u00a1todo es empezar!\u00bb, conmemoraci\u00f3n del 8M"},"content":{"rendered":"<h6>Un a\u00f1o m\u00e1s, el Instituto Catal\u00e1n de Arqueolog\u00eda Cl\u00e1sica (ICAC) se suma a la campa\u00f1a de sensibilizaci\u00f3n del D\u00eda de la Mujer Trabajadora del 8 de marzo.<\/h6>\n<p>El D\u00eda Internacional de las Mujeres o D\u00eda de la Mujer Trabajadora se celebra el 8 de marzo de cada a\u00f1o y est\u00e1 reconocido por la Organizaci\u00f3n de Naciones Unidas (ONU). Es un d\u00eda tradicionalmente aprovechado para reivindicar el feminismo denunciando el sexismo. Este d\u00eda conmemora la lucha de las mujeres por su participaci\u00f3n, junto con los hombres, en el \u00e1mbito laboral y, por tanto, por el derecho a la independencia econ\u00f3mica (<a href=\"https:\/\/ca.wikipedia.org\/wiki\/Dia_Internacional_de_les_Dones\" target=\"_blank\" rel=\"noopener\">Viquip\u00e8dia<\/a>).<\/p>\n<p>Desde el ICAC nos adherimos al <a href=\"https:\/\/igualtat.gencat.cat\/web\/.content\/Actualitat\/campanyes\/8M-2023\/manifest\/Declaracio-institucional-8M-2023_ES.pdf\" target=\"_blank\" rel=\"noopener\"><strong>Manifiesto del 8M<\/strong> <\/a>del <a href=\"https:\/\/igualtat.gencat.cat\/ca\/actualitat\/campanyes\/En-els-feminismes-tot-es-comencar\/\" target=\"_blank\" rel=\"noopener\">Departamento de Igualdad y Feminismos de la Generalitat de Catalunya<\/a>.<\/p>\n<blockquote><p><span data-contrast=\"auto\"><strong>No nacemos feministas<\/strong>; podr\u00edamos decir, adaptando la ic\u00f3nica frase de Simone de Beauvoir, <strong>que llegamos a serlo<\/strong>.<strong><br \/>\n<\/strong><\/span><\/p><\/blockquote>\n<p>Por otra parte, a iniciativa del <a href=\"https:\/\/icac.cat\/es\/quienes-somos\/excelencia-en-rh\/igualdad\/\" target=\"_blank\" rel=\"noopener\">Comit\u00e9 de Igualdad<\/a> del ICAC, el pr\u00f3ximo mi\u00e9rcoles, 15 de marzo a las 13 h, celebraremos una charla divulgativa sobre el papel de las mujeres en la arqueolog\u00eda, a cargo de la <span data-contrast=\"auto\"><a href=\"https:\/\/www.ugr.es\/personal\/margarita-sanchez-romero\" target=\"_blank\" rel=\"noopener\">Dra. Marga S\u00e1nchez<\/a><\/span>, catedr\u00e1tica de la Universidad de Granada y miembro del <a href=\"https:\/\/www.pastwomen.net\/\" target=\"_blank\" rel=\"noopener\">proyecto Past Women<\/a>.<\/p>\n<div class=\"highlight-block\">\n<p style=\"text-align: center;\"><strong>Charla virtual sobre arqueolog\u00eda de las mujeres<\/strong>, a cargo de la Dra. Marga S\u00e1nchez.<\/p>\n<p style=\"text-align: center;\">Mi\u00e9rcoles 15 de marzo, 13 h.<\/p>\n<p style=\"text-align: center;\">\u00a1\u00danete a la charla en l\u00ednea en este <a href=\"https:\/\/teams.microsoft.com\/l\/meetup-join\/19%3ameeting_NjI1NWIwMDAtZGRkNS00M2E0LThjNzYtM2VhYWY5NzEzNzI2%40thread.v2\/0?context=%7b%22Tid%22%3a%22eb2b7ec4-04ec-4a5a-9ee3-d87fa14c34a3%22%2c%22Oid%22%3a%22766c9d86-24cc-4f7c-85d8-e10743e803e6%22%7d\" target=\"_blank\" rel=\"noopener\"><strong>enlace<\/strong><\/a>!<\/p>\n<\/div>\n<p>&nbsp;<\/p>\n<p>El compromiso del ICAC hacia la igualdad entre mujeres y hombres queda reflejado en su I Plan de igualdad, la creaci\u00f3n del Comit\u00e9 dedicado a velar por la igualdad de g\u00e9nero real y efectiva en todos los \u00e1mbitos del Instituto y la constituci\u00f3n de la Comisi\u00f3n Negociadora para la realizaci\u00f3n de un diagn\u00f3stico cualitativo y cuantitativo a nivel interno.<\/p>\n<p>Continuamos trabajando en materia de igualdad y este 8M queremos celebrarlo present\u00e1ndole la <a href=\"https:\/\/doi.org\/10.20350%2FdigitalCSIC%2F14525\" target=\"_blank\" rel=\"noopener\"><strong>Gu\u00eda de comunicaci\u00f3n inclusiva y no sexista<\/strong><\/a> creada por el <a href=\"https:\/\/www.icm.csic.es\/ca\" target=\"_blank\" rel=\"noopener\">Instituto de Ciencias del Mar<\/a>, a la que nos hemos adherido formalmente, y que forma parte del aplicaci\u00f3n de las medidas previstas en el <strong>II Plan de Igualdad (2023-2026)<\/strong>.<\/p>\n<div class=\"highlight-block\">\n<p style=\"text-align: center;\">Lee el <a href=\"https:\/\/icac.cat\/wp-content\/uploads\/2023\/03\/G001.16.1_8M-2023_ComunicacioInclusiva_cast.pdf\" target=\"_blank\" rel=\"noopener\">comunicado del Comit\u00e9 de Igualdad<\/a> aqu\u00ed.<\/p>\n<\/div>\n<p>&nbsp;<\/p>\n<h5>\u00bfConoces nuestras referentes?<\/h5>\n<p>Finalmente, hoy d\u00eda 8 de marzo, os compartimos la lista de v\u00eddeos resultado de la campa\u00f1a de sensibilizaci\u00f3n que iniciamos el 11F y que nos ayuda a extender el mensaje de que <strong>la lucha por la igualdad y la visibilidad de la mujer en la ciencia es un compromiso a tener presente todo el a\u00f1o<\/strong>.<\/p>\n<p>Con la campa\u00f1a <span data-contrast=\"auto\"><a href=\"https:\/\/twitter.com\/search?q=%23Lesnostresreferents&amp;src=typed_query\" target=\"_blank\" rel=\"noopener\"><strong>#LesNostresReferents<\/strong><\/a><\/span>, el Servicio de Comunicaci\u00f3n del ICAC ha elaborado una quincena de v\u00eddeos protagonizados por miembros del Instituto en los que presentan arque\u00f3logas pioneras y referentes por sus aportaciones cient\u00edficas. La campa\u00f1a ha sido todo un \u00e9xito y ha tenido muy buen recibimiento en las redes sociales (<span data-contrast=\"auto\"><a href=\"https:\/\/twitter.com\/ICAC_cat\" target=\"_blank\" rel=\"noopener\">Twitter<\/a> <\/span>e <span data-contrast=\"auto\"><a href=\"https:\/\/www.instagram.com\/icac_cat\/reels\/\" target=\"_blank\" rel=\"noopener\">Instagram<\/a><\/span>).<\/p>\n<div class=\"highlight-block\">\n<p><a href=\"https:\/\/www.youtube.com\/playlist?list=PLkPG_7OkzfRSNkByFYvioMSbuKxc75cng\" target=\"_blank\" rel=\"noopener\"><strong>Mira los v\u00eddeos de la campa\u00f1a #LesNostresReferents en el canal Youtube del ICAC<\/strong><\/a>. \u00bfNos ayudas a difundir?<\/p>\n<\/div>\n<p><iframe loading=\"lazy\" title=\"YouTube video player\" src=\"https:\/\/www.youtube.com\/embed\/videoseries?list=PLkPG_7OkzfRSNkByFYvioMSbuKxc75cng\" width=\"560\" height=\"315\" frameborder=\"0\" allowfullscreen=\"allowfullscreen\" data-mce-fragment=\"1\"><\/iframe><br \/>\n<img loading=\"lazy\" class=\"aligncenter size-full wp-image-83679\" src=\"https:\/\/icac.cat\/wp-content\/uploads\/2023\/03\/Logo-Igualtat-20-anys_marca-aigua.jpg\" alt=\"\" width=\"500\" height=\"500\" srcset=\"https:\/\/icac.cat\/wp-content\/uploads\/2023\/03\/Logo-Igualtat-20-anys_marca-aigua.jpg 500w, https:\/\/icac.cat\/wp-content\/uploads\/2023\/03\/Logo-Igualtat-20-anys_marca-aigua-400x400.jpg 400w, https:\/\/icac.cat\/wp-content\/uploads\/2023\/03\/Logo-Igualtat-20-anys_marca-aigua-120x120.jpg 120w\" sizes=\"(max-width: 500px) 100vw, 500px\" \/><\/p>\n","protected":false},"excerpt":{"rendered":"<p>Un a\u00f1o m\u00e1s, el Instituto Catal\u00e1n de Arqueolog\u00eda Cl\u00e1sica (ICAC) se suma a la campa\u00f1a de sensibilizaci\u00f3n del D\u00eda de la Mujer Trabajadora del 8 de marzo. El D\u00eda Internacional de las Mujeres o D\u00eda de la Mujer Trabajadora se celebra el 8 de marzo de cada a\u00f1o y est\u00e1 reconocido por la Organizaci\u00f3n de [&hellip;]<\/p>\n","protected":false},"author":160,"featured_media":83677,"comment_status":"closed","ping_status":"closed","sticky":false,"template":"","format":"standard","meta":{"_genesis_hide_title":false,"_genesis_hide_breadcrumbs":false,"_genesis_hide_singular_image":false,"_genesis_hide_footer_widgets":false,"_genesis_custom_body_class":"","_genesis_custom_post_class":"","_genesis_layout":""},"categories":[329,331,335,343,332,337],"tags":[670,1002],"_links":{"self":[{"href":"https:\/\/icac.cat\/es\/wp-json\/wp\/v2\/posts\/83685"}],"collection":[{"href":"https:\/\/icac.cat\/es\/wp-json\/wp\/v2\/posts"}],"about":[{"href":"https:\/\/icac.cat\/es\/wp-json\/wp\/v2\/types\/post"}],"author":[{"embeddable":true,"href":"https:\/\/icac.cat\/es\/wp-json\/wp\/v2\/users\/160"}],"replies":[{"embeddable":true,"href":"https:\/\/icac.cat\/es\/wp-json\/wp\/v2\/comments?post=83685"}],"version-history":[{"count":3,"href":"https:\/\/icac.cat\/es\/wp-json\/wp\/v2\/posts\/83685\/revisions"}],"predecessor-version":[{"id":83692,"href":"https:\/\/icac.cat\/es\/wp-json\/wp\/v2\/posts\/83685\/revisions\/83692"}],"wp:featuredmedia":[{"embeddable":true,"href":"https:\/\/icac.cat\/es\/wp-json\/wp\/v2\/media\/83677"}],"wp:attachment":[{"href":"https:\/\/icac.cat\/es\/wp-json\/wp\/v2\/media?parent=83685"}],"wp:term":[{"taxonomy":"category","embeddable":true,"href":"https:\/\/icac.cat\/es\/wp-json\/wp\/v2\/categories?post=83685"},{"taxonomy":"post_tag","embeddable":true,"href":"https:\/\/icac.cat\/es\/wp-json\/wp\/v2\/tags?post=83685"}],"curies":[{"name":"wp","href":"https:\/\/api.w.org\/{rel}","templated":true}]}}