{"id":83911,"date":"2023-03-13T12:43:38","date_gmt":"2023-03-13T11:43:38","guid":{"rendered":"https:\/\/icac.cat\/?p=83911"},"modified":"2023-03-14T12:14:45","modified_gmt":"2023-03-14T11:14:45","slug":"vi-curso-valencia-la-vella","status":"publish","type":"post","link":"https:\/\/icac.cat\/es\/actualitat\/noticies\/2023\/vi-curso-valencia-la-vella\/","title":{"rendered":"Nueva edici\u00f3n del Curso de Arqueolog\u00eda Cristiana y Visigoda en Valencia \u00abla Vella\u00bb: \u00a1inscripci\u00f3n abierta!"},"content":{"rendered":"<h6>Se ha abierto el plazo de inscripci\u00f3n al <strong>VI Curso pr\u00e1ctico de arqueolog\u00eda cristiana y visigoda<\/strong>, que organizan el ICAC y el Ayuntamiento de Riba-roja de Turia y que tendr\u00e1 lugar <strong>del 3 al 21 de julio <\/strong>de 2023 en el yacimiento de Valencia \u00abla Vella\u00bb.<\/h6>\n<p>El\u00a0<strong>VI Curso pr\u00e1ctico de arqueolog\u00eda cristiana y visigoda<\/strong> es una ocasi\u00f3n \u00fanica de conocer de cerca la metodolog\u00eda b\u00e1sica de excavaci\u00f3n y de an\u00e1lisis arqueol\u00f3gica, pero tambi\u00e9n de trabajar en un yacimiento muy especial, como es el de <strong><a href=\"https:\/\/icac.cat\/en\/recerca\/projectes-de-recerca\/projecte\/20942\/\" target=\"_blank\" rel=\"noopener\">Valencia \u00abla Vella\u00bb<\/a><\/strong>.<\/p>\n<p>El programa de actividades combina diariamente el <strong>trabajo de campo<\/strong> en el yacimiento con tareas de <strong>an\u00e1lisis de resultados<\/strong>, as\u00ed como distintas <strong>actividades paralelas<\/strong> (sesiones te\u00f3ricas y visitas a yacimientos del entorno). El curso ofrece una actividad formativa orientada espec\u00edficamente a la arqueolog\u00eda tardoantigua, su cultura material y su problem\u00e1tica hist\u00f3rica.<\/p>\n<div class=\"highlight-block\">\n<p>Del 3 al 21 de julio, el curso alternar\u00e1 la excavaci\u00f3n del yacimiento con tareas de lavado, siglado y catalogaci\u00f3n de los restos encontrados, visitas a yacimientos tardoantiguos de la zona y algunas conferencias sobre aspectos del mundo visigodo y cristiano.<\/p>\n<p style=\"text-align: center;\">Consulta el <a href=\"https:\/\/icac.cat\/wp-content\/uploads\/2023\/03\/Programa-VI-curs-arqueologia-riba-roja_2023_CAS.pdf\" target=\"_blank\" rel=\"noopener\"><strong>programa<\/strong> del curso<\/a><\/p>\n<\/div>\n<h6><\/h6>\n<h5><span style=\"color: #d95016;\"><strong>Informaci\u00f3n pr\u00e0ctica:<\/strong><\/span><\/h5>\n<ul>\n<li><strong>N\u00famero de plazas:<\/strong> 12 estudiantes de arqueolog\u00eda (grado o postgrado). Hay tres plazas reservadas para estudiantes de la Universidad de Valencia.<\/li>\n<li><strong>Plazo de inscripci\u00f3n:<\/strong> hasta el 7 de mayo de 2023<\/li>\n<li><strong>Cuota de inscripci\u00f3n:<\/strong> 100 \u20ac (incluye seguro, alojamiento completo y manutenci\u00f3n en los d\u00edas de trabajo).<\/li>\n<li><strong>Material: <\/strong>cada estudiante tiene que llevar botas de seguridad, guantes y gorra o sombrero. Tambi\u00e9n, medidas de protecci\u00f3n solar, antimosquitos y ropa de cama (y productors para su limpieza).<\/li>\n<li>Hay que tener en cuenta que se trata de una actividad al aire libre durante el mes de julio, en un entorno con mucha humedad.<\/li>\n<\/ul>\n<div class=\"highlight-block\">\n<p style=\"text-align: center;\"><a href=\"https:\/\/icac.cat\/wp-content\/uploads\/2023\/03\/Programa-VI-curs-arqueologia-riba-roja_2023_CAS.pdf\"><strong>Programa<\/strong><\/a><\/p>\n<p style=\"text-align: center;\"><a href=\"https:\/\/icac.cat\/wp-content\/uploads\/2023\/03\/fitxa-inscripcio-curs-Riba-Roja_cast1.docx\" target=\"_blank\" rel=\"noopener\">Ficha de inscripci\u00f3n<\/a> al curso (enviar por correo electr\u00f3nico a <a href=\"mailto:activitats@icac.cat\">activitats@icac.cat<\/a>)<\/p>\n<p style=\"text-align: center;\">Plazo de inscripci\u00f3n abierto hasta el <strong>7 de mayo<\/strong>\u00a0de 2023<\/p>\n<\/div>\n<p><img loading=\"lazy\" class=\"aligncenter size-large wp-image-83915\" src=\"https:\/\/icac.cat\/wp-content\/uploads\/2023\/03\/VI-curs-arqueologia-riba-roja_2023_cartell_CAS-1-1024x724.jpg\" alt=\"\" width=\"790\" height=\"559\" srcset=\"https:\/\/icac.cat\/wp-content\/uploads\/2023\/03\/VI-curs-arqueologia-riba-roja_2023_cartell_CAS-1-1024x724.jpg 1024w, https:\/\/icac.cat\/wp-content\/uploads\/2023\/03\/VI-curs-arqueologia-riba-roja_2023_cartell_CAS-1-400x283.jpg 400w, https:\/\/icac.cat\/wp-content\/uploads\/2023\/03\/VI-curs-arqueologia-riba-roja_2023_cartell_CAS-1-768x543.jpg 768w, https:\/\/icac.cat\/wp-content\/uploads\/2023\/03\/VI-curs-arqueologia-riba-roja_2023_cartell_CAS-1-1536x1086.jpg 1536w, https:\/\/icac.cat\/wp-content\/uploads\/2023\/03\/VI-curs-arqueologia-riba-roja_2023_cartell_CAS-1-2048x1448.jpg 2048w\" sizes=\"(max-width: 790px) 100vw, 790px\" \/><\/p>\n<h5><\/h5>\n<h5><span style=\"color: #d95016;\"><strong>El yacimiento de Valencia \u00abla Vella\u00bb:<\/strong><\/span><\/h5>\n<p><a href=\"https:\/\/www.comunitatvalenciana.com\/es\/valencia\/riba-roja-de-turia\/monumentos\/yacimiento-visigodo-valencia-la-vella\" target=\"_blank\" rel=\"noopener\">Valencia \u00abla Vella\u00bb<\/a> es un yacimiento de \u00e9poca visigoda del municipio de <strong>Riba-roja de Turia<\/strong> situado a unos 16 km de la ciudad de Valencia. Es un enclave amurallado situado a lo alto de una colina en una ubicaci\u00f3n espectacular sobre el r\u00edo Turia, a unos 2 km del palacio de Pla de Nadal y dentro del Parque Natural del r\u00edo Turia.<\/p>\n<p>Desde 2016, el <a href=\"http:\/\/www.ribarroja.es\/portal.portal.action\" target=\"_blank\" rel=\"noopener\">Ayuntamiento de Riba-roja de Turia<\/a> (Camp de Turia, Val\u00e8ncia) promueve un proyecto de investigaci\u00f3n arqueol\u00f3gica y de conservaci\u00f3n y difusi\u00f3n patrimonial desarrollado por el\u00a0<strong>Instituto Catal\u00e1n de Arqueolog\u00eda Cl\u00e1sica<\/strong> (bajo la direcci\u00f3n del investigador <a href=\"https:\/\/icac.cat\/qui-som\/personal\/jmmacias\/\" target=\"_blank\" rel=\"noopener\">Josep Maria Macias<\/a>) y que cuenta con el apoyo de la <a href=\"https:\/\/www.dival.es\/es\/areadecultura\/content\/area-de-cultura\" target=\"_blank\" rel=\"noopener\">Diputaci\u00f3n de Valencia<\/a>\u00a0y de la\u00a0<a href=\"https:\/\/www.gva.es\/va\/inicio\/presentacion\" target=\"_blank\" rel=\"noopener\">Generalitat Valenciana<\/a>.<\/p>\n<div class=\"destacat-entrevista dreta\">\n<div class=\"small-text\">\n<p>Valencia \u00abla Vella\u00bb es una fundaci\u00f3n <em>ex novo<\/em> que destaca por unas murallas que rodean una colina fluvial de 20\/40 m de altura y que se encuentran reforzadas por numerosas torres.<\/p>\n<\/div>\n<\/div>\n<p>El yacimiento se conoce desde el siglo XIV y, en parte por su nombre, se hab\u00eda asociado a un asentamiento prerromano y romano: <em>Pallantia<\/em>. Unas excavaciones de los a\u00f1os setenta del siglo pasado, motivadas por una destrucci\u00f3n parcial del yacimiento, demostraron una cronolog\u00eda tardoantigua.<\/p>\n<p>Durante d\u00e9cadas, Valencia \u00abla Vella\u00bb se qued\u00f3 alejada de todo inter\u00e9s cient\u00edfico. Hoy d\u00eda es todav\u00eda una ciudad desconocida y sin nombre. Es un yacimiento arqueol\u00f3gico por descubrir, si bien <strong>las excavaciones constatan firmemente su valor y potencialidad cultural y relevancia hist\u00f3rica<\/strong>. Se trata de una ciudad visigoda levantada \u00abde repente\u00bb a 16 km de <em>Valentia<\/em>, durante la segunda mitad del siglo VI y dominando la v\u00eda fluvial del r\u00edo Turia.<\/p>\n<div class=\"highlight-block\">\n<p>Desde 2016, se puede consultar <a href=\"https:\/\/skfb.ly\/osUKB\" target=\"_blank\" rel=\"noopener\">una colecci\u00f3n de once modelos 3D del yacimiento de Valencia \u00abla Vella\u00bb<\/a> en la plataforma <a href=\"https:\/\/skfb.ly\/osUKB\" target=\"_blank\" rel=\"noopener\"><strong>Sketchfab<\/strong><\/a>:<\/p>\n<\/div>\n<div class=\"sketchfab-embed-wrapper\">\n<p><iframe title=\"Old model (Digital terrain model)\" src=\"https:\/\/sketchfab.com\/models\/abee825d158c4386ac90fc7918b7cd5b\/embed?ui_theme=dark\" frameborder=\"0\" allowfullscreen=\"allowfullscreen\" data-mce-fragment=\"1\"> <\/iframe><\/p>\n<p style=\"font-size: 13px; font-weight: normal; margin: 5px; color: #4a4a4a;\"><a style=\"font-weight: bold; color: #1caad9;\" href=\"https:\/\/sketchfab.com\/3d-models\/old-model-digital-terrain-model-abee825d158c4386ac90fc7918b7cd5b?utm_medium=embed&amp;utm_campaign=share-popup&amp;utm_content=abee825d158c4386ac90fc7918b7cd5b\" target=\"_blank\" rel=\"noopener\"> Old model (Digital terrain model) <\/a> by <a style=\"font-weight: bold; color: #1caad9;\" href=\"https:\/\/sketchfab.com\/ICAC?utm_medium=embed&amp;utm_campaign=share-popup&amp;utm_content=abee825d158c4386ac90fc7918b7cd5b\" target=\"_blank\" rel=\"noopener\"> ICAC <\/a> on <a style=\"font-weight: bold; color: #1caad9;\" href=\"https:\/\/sketchfab.com?utm_medium=embed&amp;utm_campaign=share-popup&amp;utm_content=abee825d158c4386ac90fc7918b7cd5b\" target=\"_blank\" rel=\"noopener\">Sketchfab<\/a><\/p>\n<\/div>\n<p>En el marco del proyecto de investigaci\u00f3n coordinado por el ICAC, se han efectuado<strong> siete campa\u00f1as arqueol\u00f3gicas<\/strong> en el yacimiento. Las cuatro primeras estuvieron integradas en los cursos de Arqueolog\u00eda Cristiana y Visigoda, donde participaban una veintena de estudiantes y licenciados de alrededor del mundo. Las campa\u00f1as de 2020 y 2021 siguieron una din\u00e1mica distinta debido a la situaci\u00f3n generada por la pandemia.<\/p>\n<p>&nbsp;<\/p>\n<p><iframe loading=\"lazy\" title=\"YouTube video player\" src=\"https:\/\/www.youtube.com\/embed\/FbkLghaEm9g\" width=\"560\" height=\"315\" frameborder=\"0\" allowfullscreen=\"allowfullscreen\" data-mce-fragment=\"1\"><\/iframe><\/p>\n<p>&nbsp;<\/p>\n","protected":false},"excerpt":{"rendered":"<p>Se ha abierto el plazo de inscripci\u00f3n al VI Curso pr\u00e1ctico de arqueolog\u00eda cristiana y visigoda, que organizan el ICAC y el Ayuntamiento de Riba-roja de Turia y que tendr\u00e1 lugar del 3 al 21 de julio de 2023 en el yacimiento de Valencia \u00abla Vella\u00bb. El\u00a0VI Curso pr\u00e1ctico de arqueolog\u00eda cristiana y visigoda es [&hellip;]<\/p>\n","protected":false},"author":160,"featured_media":79620,"comment_status":"closed","ping_status":"closed","sticky":false,"template":"","format":"standard","meta":{"_genesis_hide_title":false,"_genesis_hide_breadcrumbs":false,"_genesis_hide_singular_image":false,"_genesis_hide_footer_widgets":false,"_genesis_custom_body_class":"","_genesis_custom_post_class":"","_genesis_layout":""},"categories":[329,331,335,343,332,337],"tags":[1043,976,871],"_links":{"self":[{"href":"https:\/\/icac.cat\/es\/wp-json\/wp\/v2\/posts\/83911"}],"collection":[{"href":"https:\/\/icac.cat\/es\/wp-json\/wp\/v2\/posts"}],"about":[{"href":"https:\/\/icac.cat\/es\/wp-json\/wp\/v2\/types\/post"}],"author":[{"embeddable":true,"href":"https:\/\/icac.cat\/es\/wp-json\/wp\/v2\/users\/160"}],"replies":[{"embeddable":true,"href":"https:\/\/icac.cat\/es\/wp-json\/wp\/v2\/comments?post=83911"}],"version-history":[{"count":5,"href":"https:\/\/icac.cat\/es\/wp-json\/wp\/v2\/posts\/83911\/revisions"}],"predecessor-version":[{"id":83997,"href":"https:\/\/icac.cat\/es\/wp-json\/wp\/v2\/posts\/83911\/revisions\/83997"}],"wp:featuredmedia":[{"embeddable":true,"href":"https:\/\/icac.cat\/es\/wp-json\/wp\/v2\/media\/79620"}],"wp:attachment":[{"href":"https:\/\/icac.cat\/es\/wp-json\/wp\/v2\/media?parent=83911"}],"wp:term":[{"taxonomy":"category","embeddable":true,"href":"https:\/\/icac.cat\/es\/wp-json\/wp\/v2\/categories?post=83911"},{"taxonomy":"post_tag","embeddable":true,"href":"https:\/\/icac.cat\/es\/wp-json\/wp\/v2\/tags?post=83911"}],"curies":[{"name":"wp","href":"https:\/\/api.w.org\/{rel}","templated":true}]}}