{"id":87402,"date":"2023-09-15T09:59:18","date_gmt":"2023-09-15T07:59:18","guid":{"rendered":"https:\/\/icac.cat\/?p=87402"},"modified":"2023-09-15T13:50:16","modified_gmt":"2023-09-15T11:50:16","slug":"european-researchers-night-tarragona","status":"publish","type":"post","link":"https:\/\/icac.cat\/es\/actualitat\/noticies\/2023\/european-researchers-night-tarragona\/","title":{"rendered":"La Noche Europea de la Investigaci\u00f3n amplia la feria de talleres cient\u00edficos a dos d\u00edas y llega por primera vez a Terres de l\u2019Ebre"},"content":{"rendered":"<h6>La plaza Corsini de Tarragona acoger\u00e1 el acto central del evento, con cerca de 60 talleres cient\u00edficos entre el viernes 29 y el s\u00e1bado 30.<\/h6>\n<p>La<a href=\"https:\/\/tarragona.nitdelarecerca.cat\/ca\/\" target=\"_blank\" rel=\"noopener\"> Noche Europea de la Investigaci\u00f3n<\/a> ampl\u00eda su radio de actividades. El acto central, la feria de talleres cient\u00edficos, tendr\u00e1 lugar por primera vez en Tortosa como actividad previa y, debido al \u00e9xito de ediciones anteriores, <strong>se extender\u00e1 durante dos d\u00edas<\/strong> en la plaza Corsini de Tarragona: viernes 29 (por la tarde) y s\u00e1bado 30 (por la ma\u00f1ana).<\/p>\n<p>Esta iniciativa, que en las comarcas de Tarragona coordina y organiza por sexto a\u00f1o consecutivo la <a href=\"https:\/\/diaridigital.urv.cat\/nit-recerca-amplia-fira-i-arriba-tortosaifics-a-dos-dies-i-arriba-per-primer-cop-a-les-terres-de-lebre\/comciencia.urv.cat\" target=\"_blank\" rel=\"noopener\">Unidad de Comunicaci\u00f3n y Divulgaci\u00f3n de la Ciencia de la Universidad Rovira i Virgili (URV)<\/a>, ha previsto este a\u00f1o m\u00e1s propuestas que nunca: cerca de 60 talleres cient\u00edficos para p\u00fablico familiar y m\u00e1s de 30 charlas divulgativas para p\u00fablico adolescente y adulto.<\/p>\n<p>El evento cuenta con la implicaci\u00f3n de m\u00e1s de 300 investigadores\/as de la URV y de los <strong>cuatro centros de investigaci\u00f3n CERCA del territorio<\/strong>: el <a href=\"https:\/\/icac.cat\/es\/\">Instituto Catal\u00e1n de Arqueolog\u00eda Cl\u00e1sica (ICAC)<\/a>, el <a href=\"https:\/\/www.iciq.org\/\" target=\"_blank\" rel=\"noopener\">Instituto Catal\u00e1n de Investigaci\u00f3n Qu\u00edmica (ICIQ)<\/a>, el <a href=\"https:\/\/www.iispv.cat\/\" target=\"_blank\" rel=\"noopener\">Instituto de Investigaci\u00f3n Sanitaria Pere Virgili (IISPV)<\/a> y el <a href=\"https:\/\/www.iphes.cat\/\" target=\"_blank\" rel=\"noopener\">Instituto de Paleoecolog\u00eda Humana y Evoluci\u00f3n Social (IPHES)<\/a>. La propuesta ha recibido financiamiento de la Uni\u00f3n Europea.<\/p>\n<div class=\"destacat-entrevista dreta\">\n<div class=\"small-text\">\n<p>Las actividades tambi\u00e9n se extender\u00e1n en los d\u00edas previos y posteriores a Tortosa, Tarragona y Reus.<\/p>\n<\/div>\n<\/div>\n<p>La Noche Europea de la Investigaci\u00f3n (<a href=\"https:\/\/lanochedelosinvestigadores.es\/\" target=\"_blank\" rel=\"noopener\">European Researchers Night<\/a>) es un evento p\u00fablico de divulgaci\u00f3n cient\u00edfica que tiene lugar cada a\u00f1o simult\u00e1neamente en 300 ciudades de 30 pa\u00edses del continente. Desde 2018, la URV organiza esta iniciativa en la demarcaci\u00f3n de Tarragona, que ha ido creciendo y consolid\u00e1ndose en estos seis a\u00f1os. El objetivo de la Noche Europea de la Investigaci\u00f3n es acercar la investigaci\u00f3n y sus protagonistas a p\u00fablicos de todas las edades y dar a conocer la investigaci\u00f3n y la innovaci\u00f3n en un lenguaje llano y comprensible.<\/p>\n<figure id=\"attachment_79468\" aria-describedby=\"caption-attachment-79468\" style=\"width: 790px\" class=\"wp-caption aligncenter\"><img loading=\"lazy\" class=\"size-large wp-image-79468\" src=\"https:\/\/icac.cat\/wp-content\/uploads\/2022\/09\/Nit-de-la-Recerca-2021-a-Tarragona-URV_2-1024x684.jpg\" alt=\"\" width=\"790\" height=\"528\" srcset=\"https:\/\/icac.cat\/wp-content\/uploads\/2022\/09\/Nit-de-la-Recerca-2021-a-Tarragona-URV_2-1024x684.jpg 1024w, https:\/\/icac.cat\/wp-content\/uploads\/2022\/09\/Nit-de-la-Recerca-2021-a-Tarragona-URV_2-400x267.jpg 400w, https:\/\/icac.cat\/wp-content\/uploads\/2022\/09\/Nit-de-la-Recerca-2021-a-Tarragona-URV_2-768x513.jpg 768w, https:\/\/icac.cat\/wp-content\/uploads\/2022\/09\/Nit-de-la-Recerca-2021-a-Tarragona-URV_2.jpg 1536w\" sizes=\"(max-width: 790px) 100vw, 790px\" \/><figcaption id=\"caption-attachment-79468\" class=\"wp-caption-text\">Imagen de uno de los talleres que se hicieron en la edici\u00f3n de 2021. Foto: URV.<\/figcaption><\/figure>\n<h6><\/h6>\n<h6>Cerca de 60 talleres experimentales<\/h6>\n<p>Las principales novedades de esta edici\u00f3n tienen que ver con el acto central de la Noche Europea de la Investigaci\u00f3n: la feria de talleres cient\u00edficos para p\u00fablico familiar. La gran afluencia de p\u00fablico en ediciones anteriores ha hecho que esta actividad se realice durante dos d\u00edas en la plaza Corsini de Tarragona: <strong>la tarde del 29 y la ma\u00f1ana del 30 de septiembre<\/strong>.<\/p>\n<p>Cerca de 60 talleres llenar\u00e1n la plaza con talleres cient\u00edficos muy experimentales y adaptados a un lenguaje comprensible, con el objetivo de acercar la ciencia a la ciudadan\u00eda de una manera entendible y l\u00fadica, y despertar su curiosidad cient\u00edfica a trav\u00e9s de la experimentaci\u00f3n. <strong>El ICAC contribuye con cuatro de estos talleres<\/strong>.<\/p>\n<p>El <a href=\"https:\/\/europedirect.tarragona.cat\/\" target=\"_blank\" rel=\"noopener\">Ayuntamiento de Tarragona<\/a>, a trav\u00e9s de la oficina <a href=\"https:\/\/europedirect.tarragona.cat\/\" target=\"_blank\" rel=\"noopener\">Europe Direct Tarragona<\/a>, es el patrocinador principal de la actividad en la plaza Corsini, junto con la <a href=\"https:\/\/www.dipta.cat\/\" target=\"_blank\" rel=\"noopener\">Diputaci\u00f3n de Tarragona<\/a>. Tambi\u00e9n ha contado con la colaboraci\u00f3n del Mercado Central de Tarragona y la empresa Borges.<\/p>\n<figure id=\"attachment_56009\" aria-describedby=\"caption-attachment-56009\" style=\"width: 790px\" class=\"wp-caption aligncenter\"><img loading=\"lazy\" class=\"size-large wp-image-56009\" src=\"https:\/\/icac.cat\/wp-content\/uploads\/2021\/09\/NitRecercaTGN21_fotoURV1-1024x683.jpg\" alt=\"\" width=\"790\" height=\"527\" srcset=\"https:\/\/icac.cat\/wp-content\/uploads\/2021\/09\/NitRecercaTGN21_fotoURV1.jpg 1024w, https:\/\/icac.cat\/wp-content\/uploads\/2021\/09\/NitRecercaTGN21_fotoURV1-400x267.jpg 400w\" sizes=\"(max-width: 790px) 100vw, 790px\" \/><figcaption id=\"caption-attachment-56009\" class=\"wp-caption-text\">Imagen de la plaza Corsini durante la celebraci\u00f3n de la European Researchers Night 2021. Foto: Alba Marin\u00e9, URV.<\/figcaption><\/figure>\n<p>&nbsp;<\/p>\n<h6>Cuatro talleres experimentales del ICAC sobre arqueolog\u00eda<\/h6>\n<div class=\"highlight-block\">\n<p>El ICAC participa en la edici\u00f3n 2023 de la Noche Europea de la Investigaci\u00f3n con <strong>cuatro talleres experimentales<\/strong> que nos acercar\u00e1n al mundo romano desde la perspectiva del comercio, la alimentaci\u00f3n, la artesan\u00eda y la numism\u00e1tica. \u00a1Os esperamos!<\/p>\n<\/div>\n<ul>\n<li><a href=\"https:\/\/tarragona.nitdelarecerca.cat\/ca\/programacio\/activitats\/39\/produir-comerciar-i-edificar-imagina-la-teva-vil-la-romana\" target=\"_blank\" rel=\"noopener\"><strong>Producir, comerciar y edificar: Imagina tu villa romana<\/strong><\/a>. Con <a href=\"https:\/\/icac.cat\/qui-som\/personal\/acorrales\/\">Toni Corrales<\/a> y\u00a0<a href=\"https:\/\/icac.cat\/qui-som\/personal\/mrueda\/\">Maria Rueda<\/a>, del grupo de investigaci\u00f3n MIRMED.<\/li>\n<\/ul>\n<blockquote><p>Nos situamos en la Tarraco del siglo I d.C. M. Clodius Martialis es un magistrado de T\u00e1rraco que se dedica al comercio del vino desde hace poco tiempo. A medida que su negocio prospera, ha adquirido recientemente terrenos agr\u00edcolas en la zona del <em>Ager Tarraconensis<\/em>, donde desarrollar\u00e1 una gran producci\u00f3n vitivin\u00edcola. Con esta actividad, te pondr\u00e1s en la piel de un comerciante y productor de vino, descubrir\u00e1s c\u00f3mo era su residencia y c\u00f3mo, poco a poco, desarroll\u00f3 su negocio. \u00bfTe apuntas a la aventura?<\/p><\/blockquote>\n<ul>\n<li>\n<div class=\"ewa-rteLine\"><a href=\"https:\/\/tarragona.nitdelarecerca.cat\/ca\/programacio\/activitats\/41\/el-mapa-dels-sabors-romans\" target=\"_blank\" rel=\"noopener\"><strong>El mapa de los sabores romanos<\/strong><\/a>. Con <a href=\"https:\/\/icac.cat\/qui-som\/personal\/tbaniou\/\">Theoni Baniou<\/a>, <a href=\"https:\/\/icac.cat\/qui-som\/personal\/friso\/\">Federica Riso<\/a>, <a href=\"https:\/\/icac.cat\/qui-som\/personal\/dherranz\/\">Dar\u00edo Herranz<\/a> y\u00a0<a href=\"https:\/\/icac.cat\/qui-som\/personal\/alivarda\/\">Alexandra Livarda<\/a>, del grupo de investigaci\u00f3n GIAP.<\/div>\n<\/li>\n<\/ul>\n<blockquote><p>La ciudad de T\u00e0rraco est\u00e1 buscando cocineros y cocineras con talento que se atrevan a preparar platos para tres comensales muy especiales: un patricio de T\u00e0rraco, un trabajador de una alfarer\u00eda y la diosa Isis. \u00bfAceptas el reto? Con este taller aprender\u00e1s algunas recetas romanas y la variedad de los ingredientes que se utilizaban en esa \u00e9poca, adem\u00e1s de la procedencia de todos estos alimentos y redes comerciales de la \u00e9poca. \u00bfSabr\u00edas decir de d\u00f3nde proviene la canela? \u00bfY el pimiento? \u00bfO los d\u00e1tiles? Desc\u00fabrelo en este taller.<\/p><\/blockquote>\n<ul>\n<li><a href=\"https:\/\/tarragona.nitdelarecerca.cat\/ca\/programacio\/activitats\/40\/un-trencaclosques-a-la-romana-muntem-un-opus-sectile\" target=\"_blank\" rel=\"noopener\"><strong>Un rompecabezas a la romana: \u00a1montamos un <em>opus sectile<\/em>!<\/strong><\/a> Con <a href=\"https:\/\/icac.cat\/qui-som\/personal\/lgalan\/\">Laura Gal\u00e1n<\/a>, <a href=\"https:\/\/icac.cat\/qui-som\/personal\/joliver\/\">Jordi Oliver<\/a>, Pablo Varona y Teresa Buey, del grupo de investigaci\u00f3n ArPA-LIRA.<\/li>\n<\/ul>\n<blockquote><p>Con esta actividad aprender\u00e1s cu\u00e1l era el proceso de fabricaci\u00f3n de un pavimento en sectile. Era una t\u00e9cnica que se utilizaba en el mundo romano para decorar las estancias m\u00e1s importantes de sus edificios, por eso utilizaban diferentes tipos de m\u00e1rmol de toda la Mediterr\u00e1nea. Lujo, color, prestigio, simbolismo y t\u00e9cnica eran los ingredientes necesarios para fabricar este tipo de suelos. \u00bfOs anim\u00e1is a participar?<\/p><\/blockquote>\n<ul>\n<li>\n<div class=\"ewa-rteLine\"><a href=\"https:\/\/tarragona.nitdelarecerca.cat\/ca\/programacio\/activitats\/9\/numismatica-i-arqueologia-dos-camps-simbiotics\" target=\"_blank\" rel=\"noopener\"><strong>Numism\u00e1tica y arqueolog\u00eda: dos campos simbi\u00f3ticos<\/strong><\/a>. Con <a href=\"https:\/\/icac.cat\/qui-som\/personal\/ocaldes\/\">\u00d2scar Cald\u00e9s<\/a> y <a href=\"https:\/\/icac.cat\/qui-som\/personal\/amunozv\/\">Andreu Mu\u00f1oz<\/a>, del grupo de investigaci\u00f3n MIRMED.<\/div>\n<\/li>\n<\/ul>\n<blockquote><p>Divulgar\u00e1s la labor arqueol\u00f3gica y numism\u00e1tica, desde la recuperaci\u00f3n de las piezas durante la excavaci\u00f3n hasta el estudio y la fotograf\u00eda de las monedas. Tambi\u00e9n buscar\u00e1s piezas en \u00abpeque\u00f1as excavaciones\u00bb y, una vez recuperadas, har\u00e1s calcos de las piezas a l\u00e1piz sobre post-its.<\/p><\/blockquote>\n<figure id=\"attachment_56028\" aria-describedby=\"caption-attachment-56028\" style=\"width: 790px\" class=\"wp-caption aligncenter\"><img loading=\"lazy\" class=\"size-large wp-image-56028\" src=\"https:\/\/icac.cat\/wp-content\/uploads\/2021\/09\/NitRecerca21_samarreta-1024x768.jpg\" alt=\"\" width=\"790\" height=\"593\" srcset=\"https:\/\/icac.cat\/wp-content\/uploads\/2021\/09\/NitRecerca21_samarreta-1024x768.jpg 1024w, https:\/\/icac.cat\/wp-content\/uploads\/2021\/09\/NitRecerca21_samarreta-400x300.jpg 400w\" sizes=\"(max-width: 790px) 100vw, 790px\" \/><figcaption id=\"caption-attachment-56028\" class=\"wp-caption-text\">Imagen de un taller de divulgaci\u00f3n del ICAC en la Noche de la Investigaci\u00f3n, edici\u00f3n 2021. Foto: ICAC (CC 4.0).<\/figcaption><\/figure>\n<p>&nbsp;<\/p>\n<h6>Charlas y talleres divulgativos<\/h6>\n<p>Para llegar a todo tipo de p\u00fablico, tambi\u00e9n se han organizado actividades previas y posteriores al acto central. Los institutos de secundaria de la demarcaci\u00f3n recibir\u00e1n la visita de investigadoras e investigadores de la URV y de los institutos de investigaci\u00f3n que impartir\u00e1n m\u00e1s de <a href=\"https:\/\/tarragona.nitdelarecerca.cat\/ca\/programacio\/secundaria\/\" target=\"_blank\" rel=\"noopener\">20 charlas y talleres divulgativos<\/a> durante la semana del 25 al 29 de septiembre.<\/p>\n<p>Tambi\u00e9n se ha organizado una <a href=\"https:\/\/tarragona.nitdelarecerca.cat\/ca\/programacio\/activitats\/53\/la-nit-de-la-recerca-al-port-de-tarragona\" target=\"_blank\" rel=\"noopener\">charla divulgativa el 26 de septiembre en la sala de actos del Museo del Puerto de Tarragona<\/a>, donde los investigadores Javier Sigr\u00f3, del Centro en Cambio Clim\u00e1tico C3 de la URV, y Jaume Folch, del Departamento de Bioqu\u00edmica y Biotecnolog\u00eda de la Universidad, hablar\u00e1n sobre las consecuencias climatol\u00f3gicas y sobre la salud humana del aumento de la temperatura del mar.<\/p>\n<p>Finalmente, la Noche Europea de la Investigaci\u00f3n ofrecer\u00e1 el jueves 5 de octubre por la tarde una sesi\u00f3n de <a href=\"https:\/\/tarragona.nitdelarecerca.cat\/ca\/programacio\/activitats\/1\/xerrades-divulgatives-recerca-pel-canvi\" target=\"_blank\" rel=\"noopener\"><strong>microcharlas divulgativas organizada por el IIPSV<\/strong><\/a> en colaboraci\u00f3n con la Universidad, donde investigadoras e investigadores de diferentes \u00e1mbitos dar\u00e1n una pincelada de sus l\u00edneas de investigaci\u00f3n.<\/p>\n<div class=\"highlight-block\">\n<p>El jueves 5 de octubre, a las 18 h, la coordinadora del grupo de investigaci\u00f3n ArPA-LIRA del ICAC y profesora de la URV, <a href=\"https:\/\/icac.cat\/qui-som\/personal\/dgorostidi\/\">Diana Gorostidi<\/a> , ofrecer\u00e1 la microcharla <strong>\u00abDe la letra y de la piedra. Di\u00e1logos con los romanos a pie de calle\u00bb<\/strong> en la biblioteca Xavier Amor\u00f3s de Reus.<\/p>\n<\/div>\n<p><img loading=\"lazy\" class=\"aligncenter wp-image-87395 size-large\" src=\"https:\/\/icac.cat\/wp-content\/uploads\/2023\/09\/microxerrada-iispv-2023_gorostidi_card-1024x576.jpg\" alt=\"\" width=\"790\" height=\"444\" srcset=\"https:\/\/icac.cat\/wp-content\/uploads\/2023\/09\/microxerrada-iispv-2023_gorostidi_card-1024x576.jpg 1024w, https:\/\/icac.cat\/wp-content\/uploads\/2023\/09\/microxerrada-iispv-2023_gorostidi_card-400x225.jpg 400w, https:\/\/icac.cat\/wp-content\/uploads\/2023\/09\/microxerrada-iispv-2023_gorostidi_card-768x432.jpg 768w, https:\/\/icac.cat\/wp-content\/uploads\/2023\/09\/microxerrada-iispv-2023_gorostidi_card-1536x864.jpg 1536w, https:\/\/icac.cat\/wp-content\/uploads\/2023\/09\/microxerrada-iispv-2023_gorostidi_card.jpg 1600w\" sizes=\"(max-width: 790px) 100vw, 790px\" \/><\/p>\n<p>&nbsp;<\/p>\n<p>La Noche Europea de la Investigaci\u00f3n es posible gracias al cofinanciamiento del programa de investigaci\u00f3n e innovaci\u00f3n Horizon Europe de la Uni\u00f3n Europea y la colaboraci\u00f3n del consorcio coordinado por la Universidad de Girona y en el que participan otras universidades e instituciones p\u00fablicas catalanas. En Tarragona tambi\u00e9n cuenta con el patrocinio del Ayuntamiento de Tarragona a trav\u00e9s de Europe Direct, de la Diputaci\u00f3n de Tarragona y del Puerto de Tarragona, adem\u00e1s del apoyo de Mercats Tarragona y la empresa Borges, y la feria de talleres de Tortosa ha tenido el patrocinio de la Diputaci\u00f3n de Tarragona y el Ayuntamiento de la ciudad.<\/p>\n<div class=\"highlight-block\">\n<p>Pod\u00e9is encontrar informaci\u00f3n detallada con todas las actividades en el sitio web \u00a0<a href=\"http:\/\/www.tarragona.nitdelarecerca.cat\/\">tarragona.nitdelarecerca.cat<\/a>.<\/p>\n<\/div>\n","protected":false},"excerpt":{"rendered":"<p>La plaza Corsini de Tarragona acoger\u00e1 el acto central del evento, con cerca de 60 talleres cient\u00edficos entre el viernes 29 y el s\u00e1bado 30. La Noche Europea de la Investigaci\u00f3n ampl\u00eda su radio de actividades. El acto central, la feria de talleres cient\u00edficos, tendr\u00e1 lugar por primera vez en Tortosa como actividad previa y, [&hellip;]<\/p>\n","protected":false},"author":160,"featured_media":87393,"comment_status":"closed","ping_status":"closed","sticky":false,"template":"","format":"standard","meta":{"_genesis_hide_title":false,"_genesis_hide_breadcrumbs":false,"_genesis_hide_singular_image":false,"_genesis_hide_footer_widgets":false,"_genesis_custom_body_class":"","_genesis_custom_post_class":"","_genesis_layout":""},"categories":[329,335,343,332,337],"tags":[499,810],"_links":{"self":[{"href":"https:\/\/icac.cat\/es\/wp-json\/wp\/v2\/posts\/87402"}],"collection":[{"href":"https:\/\/icac.cat\/es\/wp-json\/wp\/v2\/posts"}],"about":[{"href":"https:\/\/icac.cat\/es\/wp-json\/wp\/v2\/types\/post"}],"author":[{"embeddable":true,"href":"https:\/\/icac.cat\/es\/wp-json\/wp\/v2\/users\/160"}],"replies":[{"embeddable":true,"href":"https:\/\/icac.cat\/es\/wp-json\/wp\/v2\/comments?post=87402"}],"version-history":[{"count":2,"href":"https:\/\/icac.cat\/es\/wp-json\/wp\/v2\/posts\/87402\/revisions"}],"predecessor-version":[{"id":87404,"href":"https:\/\/icac.cat\/es\/wp-json\/wp\/v2\/posts\/87402\/revisions\/87404"}],"wp:featuredmedia":[{"embeddable":true,"href":"https:\/\/icac.cat\/es\/wp-json\/wp\/v2\/media\/87393"}],"wp:attachment":[{"href":"https:\/\/icac.cat\/es\/wp-json\/wp\/v2\/media?parent=87402"}],"wp:term":[{"taxonomy":"category","embeddable":true,"href":"https:\/\/icac.cat\/es\/wp-json\/wp\/v2\/categories?post=87402"},{"taxonomy":"post_tag","embeddable":true,"href":"https:\/\/icac.cat\/es\/wp-json\/wp\/v2\/tags?post=87402"}],"curies":[{"name":"wp","href":"https:\/\/api.w.org\/{rel}","templated":true}]}}