{"id":90746,"date":"2024-01-25T20:02:08","date_gmt":"2024-01-25T19:02:08","guid":{"rendered":"https:\/\/icac.cat\/?p=90746"},"modified":"2024-02-13T00:01:11","modified_gmt":"2024-02-12T23:01:11","slug":"inauguracion-itinerario-arqueologico-catedral-tarragona","status":"publish","type":"post","link":"https:\/\/icac.cat\/es\/actualitat\/noticies\/2024\/inauguracion-itinerario-arqueologico-catedral-tarragona\/","title":{"rendered":"Tarragona inaugura un nuevo itinerario arqueol\u00f3gico en la Catedral"},"content":{"rendered":"<h6>La Catedral de Tarragona cuenta con un nuevo espacio museogr\u00e1fico visitable: un itinerario arqueol\u00f3gico que permite la visita de espacios hasta ahora cerrados al p\u00fablico.<\/h6>\n<p>Esta actuaci\u00f3n arqueol\u00f3gica y de musealizaci\u00f3n, impulsada por el <a href=\"https:\/\/icac.cat\/recerca\/projectes-de-recerca\/projecte\/mirmed-catedral-clt009-22-00102\/\" target=\"_blank\" rel=\"noopener\">Instituto Catal\u00e1n de Arqueolog\u00eda Cl\u00e1sica (ICAC-CERCA)<\/a> y el <a href=\"http:\/\/museu.diocesa.arqtgn.cat\/\" target=\"_blank\" rel=\"noopener\">Museo Diocesano de Tarragona<\/a>, ha contado con el apoyo del Cap\u00edtulo de la Catedral, el Departamento de Cultura de la Generalitat de Catalunya, el Ayuntamiento de Tarragona, la Universidad Rovira i Virgili, Repsol y la Fundaci\u00f3n Privada Mutua Catalana.<\/p>\n<p>El nuevo espacio, que toma la muralla como referencia y que se inicia en la sala 1 del Museo, detr\u00e1s del antiguo refectorio, permite \u00abexplicar c\u00f3mo la propia faz de la ciudad medieval de Tarragona nos puede ense\u00f1ar la ciudad romana de T\u00e0rraco\u00bb, expres\u00f3 el investigador del ICAC-CERCA, <a href=\"https:\/\/icac.cat\/es\/quienes-somos\/personal\/jmmacias\/\"><strong>Josep Maria Macias<\/strong><\/a> (grupo de investigaci\u00f3n MIRMED).<\/p>\n<div class=\"destacat-entrevista dreta\">\n<div class=\"small-text\">\n<p>El itinerario arqueol\u00f3gico se ubica detr\u00e1s de las capillas medievales del Claustro de la Catedral de Tarragona, alrededor del subsuelo de la Casa de los Can\u00f3nigos.<\/p>\n<\/div>\n<\/div>\n<p>En este sentido, este recorrido \u00abune todo el Museo Diocesano, y el relato de la cultura material art\u00edstica cristiana del Museo se acompa\u00f1a de un recorrido arqueol\u00f3gico que nos hace comprender esta misma diacron\u00eda hist\u00f3rica en la estructura del edificio\u00bb, expuso el director del Museo Diocesano de Tarragona e investigador adscrito al ICAC-CERCA, <a href=\"https:\/\/icac.cat\/es\/quienes-somos\/personal\/amunoz\/\"><strong>Andreu Mu\u00f1oz Melgar<\/strong><\/a>. As\u00ed, el itinerario permite hacer un recorrido \u00abpor los espacios romanos del muro de cierre del recinto de culto imperial y comprender c\u00f3mo sirvi\u00f3 de base para poder generar el proyecto medieval de la Catedral, as\u00ed como los elementos arquitect\u00f3nicos que desde la \u00e9poca renacentista se han ido a\u00f1adiendo\u00bb.<\/p>\n<p>Por otro lado, los investigadores han coincidido en calificar el entorno de la Catedral \u00abcomo <strong>el mejor lugar para explicar la historia de Tarragona<\/strong>\u00bb. La Catedral conserva en sus muros las huellas de la evoluci\u00f3n de la ciudad: desde la construcci\u00f3n del recinto de culto imperial, pasando por la Catedral medieval, considerada una de las m\u00e1s espectaculares de Hispania, as\u00ed como por las diferentes edificaciones que se a\u00f1adieron en \u00e9poca renacentista hasta nuestros d\u00edas.<\/p>\n<blockquote><p>La Catedral de Tarragona es la obra de ingenier\u00eda m\u00e1s grande que se ha hecho a lo largo de la historia de la ciudad.<\/p><\/blockquote>\n<figure id=\"attachment_90707\" aria-describedby=\"caption-attachment-90707\" style=\"width: 790px\" class=\"wp-caption aligncenter\"><img loading=\"lazy\" class=\"wp-image-90707 size-large\" src=\"https:\/\/icac.cat\/wp-content\/uploads\/2024\/01\/Inauguracio_itinerari_arqueologic_catedral_2024_macias-i-munoz-1024x589.jpg\" alt=\"\" width=\"790\" height=\"454\" srcset=\"https:\/\/icac.cat\/wp-content\/uploads\/2024\/01\/Inauguracio_itinerari_arqueologic_catedral_2024_macias-i-munoz-1024x589.jpg 1024w, https:\/\/icac.cat\/wp-content\/uploads\/2024\/01\/Inauguracio_itinerari_arqueologic_catedral_2024_macias-i-munoz-400x230.jpg 400w, https:\/\/icac.cat\/wp-content\/uploads\/2024\/01\/Inauguracio_itinerari_arqueologic_catedral_2024_macias-i-munoz-768x442.jpg 768w, https:\/\/icac.cat\/wp-content\/uploads\/2024\/01\/Inauguracio_itinerari_arqueologic_catedral_2024_macias-i-munoz-1536x884.jpg 1536w, https:\/\/icac.cat\/wp-content\/uploads\/2024\/01\/Inauguracio_itinerari_arqueologic_catedral_2024_macias-i-munoz.jpg 2048w\" sizes=\"(max-width: 790px) 100vw, 790px\" \/><figcaption id=\"caption-attachment-90707\" class=\"wp-caption-text\">Josep Maria Macias (ICAC-CERCA) y Andreu Mu\u00f1oz Melgar (MDT) son los investigadores responsables del proyecto de investigaci\u00f3n a la Catedral de Tarragona. Foto: ICAC-CERCA (CC 4.0).<\/figcaption><\/figure>\n<p>&nbsp;<\/p>\n<p>El itinerario permite la visita al recorrido del gran muro perimetral del recinto de culto imperial de T\u00e0rraco, ubicado detr\u00e1s de las capillas medievales del claustro, alrededor del subsuelo de la Casa de los Can\u00f3nigos. Est\u00e1 configurado como <strong>un espacio de aprendizaje integrado en el conjunto catedralicio<\/strong>.<\/p>\n<p>A lo largo de su recorrido, los visitantes encontrar\u00e1n varios paneles que combinan reconstrucciones en 3D, planimetr\u00edas y textos divulgativos que hacen inteligible la interpretaci\u00f3n de los restos romanos, de las construcciones medievales y las de \u00e9poca moderna y contempor\u00e1nea.<\/p>\n<div class=\"highlight-block\">\n<p>El ICAC-CERCA y el Arzobispado de Tarragona han organizado una <strong>visita guiada al nuevo itinerario arqueol\u00f3gico el s\u00e1bado 3 de febrero<\/strong> (de 10 h a 13 h), d\u00eda en que el recurso pasar\u00e1 a formar parte formalmente de la visita tur\u00edstica a la Catedral de Tarragona y su Claustro.<\/p>\n<\/div>\n<div data-carousel-extra='{\"blog_id\":1,\"permalink\":\"https:\\\/\\\/icac.cat\\\/es\\\/actualitat\\\/noticies\\\/2024\\\/inauguracion-itinerario-arqueologico-catedral-tarragona\\\/\"}' class=\"tiled-gallery type-rectangular\" data-original-width=\"790\"><div class=\"gallery-row\" style=\"width: 785px; height: 566px;\"><div class=\"gallery-group images-1\" style=\"width: 462px; height: 570px;\"><div class=\"tiled-gallery-item tiled-gallery-item-large\"><a href=\"https:\/\/icac.cat\/es\/actualitat\/noticies\/2024\/inauguracion-itinerario-arqueologico-catedral-tarragona\/inauguracio_itinerari_arqueologic_catedral_2024_sala-2\/\"><img data-attachment-id=\"90713\" data-orig-file=\"https:\/\/icac.cat\/wp-content\/uploads\/2024\/01\/Inauguracio_itinerari_arqueologic_catedral_2024_sala.jpg\" data-orig-size=\"1658,2048\" data-comments-opened=\"0\" data-image-meta=\"{&quot;aperture&quot;:&quot;0&quot;,&quot;credit&quot;:&quot;&quot;,&quot;camera&quot;:&quot;&quot;,&quot;caption&quot;:&quot;&quot;,&quot;created_timestamp&quot;:&quot;0&quot;,&quot;copyright&quot;:&quot;&quot;,&quot;focal_length&quot;:&quot;0&quot;,&quot;iso&quot;:&quot;0&quot;,&quot;shutter_speed&quot;:&quot;0&quot;,&quot;title&quot;:&quot;&quot;,&quot;orientation&quot;:&quot;1&quot;}\" data-image-title=\"Inauguracio_itinerari_arqueologic_catedral_2024_sala\" data-image-description=\"\" data-medium-file=\"https:\/\/icac.cat\/wp-content\/uploads\/2024\/01\/Inauguracio_itinerari_arqueologic_catedral_2024_sala-400x494.jpg\" data-large-file=\"https:\/\/icac.cat\/wp-content\/uploads\/2024\/01\/Inauguracio_itinerari_arqueologic_catedral_2024_sala-829x1024.jpg\" src=\"https:\/\/icac.cat\/wp-content\/uploads\/2024\/01\/Inauguracio_itinerari_arqueologic_catedral_2024_sala-458x566.jpg\" width=\"458\" height=\"566\" align=\"left\" title=\"Inauguracio_itinerari_arqueologic_catedral_2024_sala\" \/><\/a><\/div><\/div><div class=\"gallery-group images-1\" style=\"width: 323px; height: 570px;\"><div class=\"tiled-gallery-item tiled-gallery-item-large\"><a href=\"https:\/\/icac.cat\/es\/actualitat\/noticies\/2024\/inauguracion-itinerario-arqueologico-catedral-tarragona\/inauguracio_itinerari_arqueologic_catedral_2024_interior-2\/\"><img data-attachment-id=\"90716\" data-orig-file=\"https:\/\/icac.cat\/wp-content\/uploads\/2024\/01\/Inauguracio_itinerari_arqueologic_catedral_2024_interior.jpg\" data-orig-size=\"1152,2048\" data-comments-opened=\"0\" data-image-meta=\"{&quot;aperture&quot;:&quot;0&quot;,&quot;credit&quot;:&quot;&quot;,&quot;camera&quot;:&quot;&quot;,&quot;caption&quot;:&quot;&quot;,&quot;created_timestamp&quot;:&quot;0&quot;,&quot;copyright&quot;:&quot;&quot;,&quot;focal_length&quot;:&quot;0&quot;,&quot;iso&quot;:&quot;0&quot;,&quot;shutter_speed&quot;:&quot;0&quot;,&quot;title&quot;:&quot;&quot;,&quot;orientation&quot;:&quot;1&quot;}\" data-image-title=\"Inauguracio_itinerari_arqueologic_catedral_2024_interior\" data-image-description=\"\" data-medium-file=\"https:\/\/icac.cat\/wp-content\/uploads\/2024\/01\/Inauguracio_itinerari_arqueologic_catedral_2024_interior-400x711.jpg\" data-large-file=\"https:\/\/icac.cat\/wp-content\/uploads\/2024\/01\/Inauguracio_itinerari_arqueologic_catedral_2024_interior-576x1024.jpg\" src=\"https:\/\/icac.cat\/wp-content\/uploads\/2024\/01\/Inauguracio_itinerari_arqueologic_catedral_2024_interior-319x566.jpg\" width=\"319\" height=\"566\" align=\"left\" title=\"Inauguracio_itinerari_arqueologic_catedral_2024_interior\" \/><\/a><\/div><\/div><\/div><\/div>\n<p>&nbsp;<\/p>\n<h6>Acto inaugural del itinerario arqueol\u00f3gico<\/h6>\n<p>El acto de inauguraci\u00f3n, que tuvo lugar en la capilla del Sant\u00edsimo Sacramento de la Catedral el pasado 24 de enero, cont\u00f3 con una amplia representaci\u00f3n de todas las instituciones implicadas en el proyecto, as\u00ed como con un centenar de personas, que pudieron realizar una primera visita al itinerario.<\/p>\n<p>El <strong>Sr. Joan Miquel Bravo<\/strong>, decano-presidente del Cap\u00edtulo de la Catedral, expres\u00f3 su agradecimiento \u00aba todas las personas e instituciones que han hecho posible este proyecto\u00bb y asegur\u00f3 que \u00abnos ayuda a conocer nuestro pasado para poder entender qui\u00e9nes somos y qu\u00e9 Tarragona queremos construir\u00bb. Por su parte, la vicerrectora de la <a href=\"https:\/\/www.urv.cat\/es\/\" target=\"_blank\" rel=\"noopener\">Universidad Rovira i Virgili<\/a>, <strong>Marina Gali\u00e0<\/strong>, destac\u00f3 este acto como \u00abun buen ejemplo de c\u00f3mo la investigaci\u00f3n solo tiene sentido cuando la transferimos al conjunto de la sociedad\u00bb.<\/p>\n<figure id=\"attachment_90695\" aria-describedby=\"caption-attachment-90695\" style=\"width: 1334px\" class=\"wp-caption aligncenter\"><img loading=\"lazy\" class=\"size-full wp-image-90695\" src=\"https:\/\/icac.cat\/wp-content\/uploads\/2024\/01\/Nou_itinerari_arqueologic_catedral_2024_autoritats-foto-Arquebisbat.jpg\" alt=\"\" width=\"1334\" height=\"889\" srcset=\"https:\/\/icac.cat\/wp-content\/uploads\/2024\/01\/Nou_itinerari_arqueologic_catedral_2024_autoritats-foto-Arquebisbat.jpg 1334w, https:\/\/icac.cat\/wp-content\/uploads\/2024\/01\/Nou_itinerari_arqueologic_catedral_2024_autoritats-foto-Arquebisbat-400x267.jpg 400w, https:\/\/icac.cat\/wp-content\/uploads\/2024\/01\/Nou_itinerari_arqueologic_catedral_2024_autoritats-foto-Arquebisbat-1024x682.jpg 1024w, https:\/\/icac.cat\/wp-content\/uploads\/2024\/01\/Nou_itinerari_arqueologic_catedral_2024_autoritats-foto-Arquebisbat-768x512.jpg 768w\" sizes=\"(max-width: 1334px) 100vw, 1334px\" \/><figcaption id=\"caption-attachment-90695\" class=\"wp-caption-text\">El acto inaugural del nuevo itinerario arqueol\u00f3gico tuvo lugar en la Catedral de Tarragona el pasado 24 de enero de 2024, con la participaci\u00f3n de los representantes de las instituciones y entidades implicadas en el proyecto. Foto: Arzobispado de Tarragona.<\/figcaption><\/figure>\n<p>&nbsp;<\/p>\n<p><strong>Francesc Roig<\/strong>, miembro del patronato de la <a href=\"https:\/\/fundaciomutuacatalana.org\/\" target=\"_blank\" rel=\"noopener\">Fundaci\u00f3n Privada M\u00fatua Catalana<\/a>, ha mostrado su satisfacci\u00f3n por poder colaborar \u00abcon continuidad\u00bb con los diferentes proyectos que impulsa la Catedral, y ha aprovechado para anunciar la pr\u00f3xima presentaci\u00f3n de dos vol\u00famenes sobre este templo, que tendr\u00e1 lugar en el mes de abril. En representaci\u00f3n de <a href=\"https:\/\/www.fundacionrepsol.com\/\" target=\"_blank\" rel=\"noopener\">Repsol<\/a>, <strong>Francisco Montoya<\/strong> tambi\u00e9n ha dado las gracias por \u00abhaber tenido la oportunidad de apoyar el itinerario arqueol\u00f3gico y poner en valor que Repsol cumple con el territorio, del cual se siente parte\u00bb.<\/p>\n<p>En representaci\u00f3n del <a href=\"https:\/\/www.tarragona.cat\/\" target=\"_blank\" rel=\"noopener\">Ayuntamiento de Tarragona<\/a>, el concejal de Patrimonio, <strong>Nacho Garc\u00eda<\/strong>, ha asegurado que \u00abproyectos como este demuestran que la colaboraci\u00f3n p\u00fablico-privada funciona y hace un gran bien a la ciudad de Tarragona\u00bb. Y la directora de los <a href=\"https:\/\/cultura.gencat.cat\/ca\/departament\/estructura_i_adreces\/organismes\/serveis-territorials-a-tarragona\" target=\"_blank\" rel=\"noopener\">Servicios Territoriales del Departamento de Cultura en Tarragona<\/a>, <strong>Lurdes Malgrat<\/strong>, ha destacado los aspectos \u00abespiritual y patrimonial de la Catedral\u00bb como elementos que \u00abnos enriquecen y nos hacen sentir orgullosos de nuestro patrimonio\u00bb.<\/p>\n<p>Finalmente, el director del ICAC-CERCA, <a href=\"https:\/\/icac.cat\/es\/quienes-somos\/personal\/jpalet\/\"><strong>Josep Maria Palet<\/strong><\/a>, ha felicitado a los responsables del proyecto \u00abpor este recurso cultural que han creado, un hito m\u00e1s de otros que ir\u00e1n viniendo\u00bb. Tambi\u00e9n ha felicitado al arzobispo Joan Planellas, quien se ha mostrado satisfecho \u00abdel plan patrimonial y cultural que se va definiendo en la archidi\u00f3cesis\u00bb y del hecho de que desde Tarragona \u00abse investigue el bello y antiguo patrimonio, del cual, una vez m\u00e1s, estamos orgullosos\u00bb.<\/p>\n<p>&nbsp;<\/p>\n<h5>Un <em>Toquem Pedra<\/em> desde la Catedral<\/h5>\n<p>Con motivo de la inauguraci\u00f3n del itinerario arqueol\u00f3gico, el <a href=\"https:\/\/open.spotify.com\/show\/2DWthSJoVghgaO5LRfw1uN\" target=\"_blank\" rel=\"noopener\">podcast <em><strong>Toquem Pedra<\/strong><\/em><\/a> de <a href=\"https:\/\/www.tarragonaradio.cat\/\" target=\"_blank\" rel=\"noopener\">Tarragona R\u00e0dio<\/a>, conducido por el periodista <a href=\"https:\/\/twitter.com\/pepsunye\" target=\"_blank\" rel=\"noopener\">Pep Suny\u00e9<\/a>, se traslad\u00f3 a la Catedral. Con la participaci\u00f3n de los investigadores <a href=\"https:\/\/icac.cat\/es\/quienes-somos\/personal\/jmmacias\/\">Josep Maria Macias<\/a>, <a href=\"https:\/\/icac.cat\/es\/quienes-somos\/personal\/amunoz\/\">Andreu Mu\u00f1oz Melgar<\/a> y <a href=\"https:\/\/icac.cat\/es\/quienes-somos\/personal\/amunozv\/\">Andreu Mu\u00f1oz Virgili<\/a>, y la participaci\u00f3n del Excmo. y Rvdm. Sr. Joan Planellas i Barnosell, arzobispo de Tarragona.<\/p>\n<p><iframe loading=\"lazy\" style=\"border-radius: 12px;\" src=\"https:\/\/open.spotify.com\/embed\/episode\/5ocGpFQ836p34dlM6LqzTQ?utm_source=generator\" width=\"100%\" height=\"352\" frameborder=\"0\" allowfullscreen=\"allowfullscreen\" data-mce-fragment=\"1\"><\/iframe><\/p>\n<p>&nbsp;<\/p>\n<div data-carousel-extra='{\"blog_id\":1,\"permalink\":\"https:\\\/\\\/icac.cat\\\/es\\\/actualitat\\\/noticies\\\/2024\\\/inauguracion-itinerario-arqueologico-catedral-tarragona\\\/\"}' class=\"tiled-gallery type-rectangular\" data-original-width=\"790\"><div class=\"gallery-row\" style=\"width: 785px; height: 218px;\"><div class=\"gallery-group images-1\" style=\"width: 393px; height: 222px;\"><div class=\"tiled-gallery-item tiled-gallery-item-large\"><a href=\"https:\/\/icac.cat\/es\/actualitat\/noticies\/2024\/inauguracion-itinerario-arqueologico-catedral-tarragona\/toquem-pedra-itinerari-arqueologic-catedral_gener-2024-macias-2\/\"><img data-attachment-id=\"90731\" data-orig-file=\"https:\/\/icac.cat\/wp-content\/uploads\/2024\/01\/Toquem-Pedra-itinerari-arqueologic-Catedral_gener-2024-Macias.jpg\" data-orig-size=\"2048,1151\" data-comments-opened=\"0\" data-image-meta=\"{&quot;aperture&quot;:&quot;0&quot;,&quot;credit&quot;:&quot;&quot;,&quot;camera&quot;:&quot;&quot;,&quot;caption&quot;:&quot;&quot;,&quot;created_timestamp&quot;:&quot;0&quot;,&quot;copyright&quot;:&quot;&quot;,&quot;focal_length&quot;:&quot;0&quot;,&quot;iso&quot;:&quot;0&quot;,&quot;shutter_speed&quot;:&quot;0&quot;,&quot;title&quot;:&quot;&quot;,&quot;orientation&quot;:&quot;1&quot;}\" data-image-title=\"Toquem Pedra itinerari arqueol\u00f2gic Catedral_gener 2024 (Macias)\" data-image-description=\"\" data-medium-file=\"https:\/\/icac.cat\/wp-content\/uploads\/2024\/01\/Toquem-Pedra-itinerari-arqueologic-Catedral_gener-2024-Macias-400x225.jpg\" data-large-file=\"https:\/\/icac.cat\/wp-content\/uploads\/2024\/01\/Toquem-Pedra-itinerari-arqueologic-Catedral_gener-2024-Macias-1024x576.jpg\" src=\"https:\/\/icac.cat\/wp-content\/uploads\/2024\/01\/Toquem-Pedra-itinerari-arqueologic-Catedral_gener-2024-Macias-389x218.jpg\" width=\"389\" height=\"218\" align=\"left\" title=\"Toquem Pedra itinerari arqueol\u00f2gic Catedral_gener 2024 (Macias)\" \/><\/a><\/div><\/div><div class=\"gallery-group images-1\" style=\"width: 392px; height: 222px;\"><div class=\"tiled-gallery-item tiled-gallery-item-large\"><a href=\"https:\/\/icac.cat\/es\/actualitat\/noticies\/2024\/inauguracion-itinerario-arqueologico-catedral-tarragona\/toquem-pedra-itinerari-arqueologic-catedral_gener-2024-arquebisbe-2\/\"><img data-attachment-id=\"90728\" data-orig-file=\"https:\/\/icac.cat\/wp-content\/uploads\/2024\/01\/Toquem-Pedra-itinerari-arqueologic-Catedral_gener-2024-arquebisbe.jpg\" data-orig-size=\"2048,1152\" data-comments-opened=\"0\" data-image-meta=\"{&quot;aperture&quot;:&quot;0&quot;,&quot;credit&quot;:&quot;&quot;,&quot;camera&quot;:&quot;&quot;,&quot;caption&quot;:&quot;&quot;,&quot;created_timestamp&quot;:&quot;0&quot;,&quot;copyright&quot;:&quot;&quot;,&quot;focal_length&quot;:&quot;0&quot;,&quot;iso&quot;:&quot;0&quot;,&quot;shutter_speed&quot;:&quot;0&quot;,&quot;title&quot;:&quot;&quot;,&quot;orientation&quot;:&quot;1&quot;}\" data-image-title=\"Toquem Pedra itinerari arqueol\u00f2gic Catedral_gener 2024 (arquebisbe)\" data-image-description=\"\" data-medium-file=\"https:\/\/icac.cat\/wp-content\/uploads\/2024\/01\/Toquem-Pedra-itinerari-arqueologic-Catedral_gener-2024-arquebisbe-400x225.jpg\" data-large-file=\"https:\/\/icac.cat\/wp-content\/uploads\/2024\/01\/Toquem-Pedra-itinerari-arqueologic-Catedral_gener-2024-arquebisbe-1024x576.jpg\" src=\"https:\/\/icac.cat\/wp-content\/uploads\/2024\/01\/Toquem-Pedra-itinerari-arqueologic-Catedral_gener-2024-arquebisbe-388x218.jpg\" width=\"388\" height=\"218\" align=\"left\" title=\"Toquem Pedra itinerari arqueol\u00f2gic Catedral_gener 2024 (arquebisbe)\" \/><\/a><\/div><\/div><\/div><div class=\"gallery-row\" style=\"width: 785px; height: 257px;\"><div class=\"gallery-group images-1\" style=\"width: 460px; height: 261px;\"><div class=\"tiled-gallery-item tiled-gallery-item-large\"><a href=\"https:\/\/icac.cat\/es\/actualitat\/noticies\/2024\/inauguracion-itinerario-arqueologico-catedral-tarragona\/toquem-pedra-itinerari-arqueologic-catedral_gener-2024-andreu-2\/\"><img data-attachment-id=\"90725\" data-orig-file=\"https:\/\/icac.cat\/wp-content\/uploads\/2024\/01\/Toquem-Pedra-itinerari-arqueologic-Catedral_gener-2024-Andreu.jpg\" data-orig-size=\"2048,1152\" data-comments-opened=\"0\" data-image-meta=\"{&quot;aperture&quot;:&quot;0&quot;,&quot;credit&quot;:&quot;&quot;,&quot;camera&quot;:&quot;&quot;,&quot;caption&quot;:&quot;&quot;,&quot;created_timestamp&quot;:&quot;0&quot;,&quot;copyright&quot;:&quot;&quot;,&quot;focal_length&quot;:&quot;0&quot;,&quot;iso&quot;:&quot;0&quot;,&quot;shutter_speed&quot;:&quot;0&quot;,&quot;title&quot;:&quot;&quot;,&quot;orientation&quot;:&quot;1&quot;}\" data-image-title=\"Toquem Pedra itinerari arqueol\u00f2gic Catedral_gener 2024 (Andreu)\" data-image-description=\"\" data-medium-file=\"https:\/\/icac.cat\/wp-content\/uploads\/2024\/01\/Toquem-Pedra-itinerari-arqueologic-Catedral_gener-2024-Andreu-400x225.jpg\" data-large-file=\"https:\/\/icac.cat\/wp-content\/uploads\/2024\/01\/Toquem-Pedra-itinerari-arqueologic-Catedral_gener-2024-Andreu-1024x576.jpg\" src=\"https:\/\/icac.cat\/wp-content\/uploads\/2024\/01\/Toquem-Pedra-itinerari-arqueologic-Catedral_gener-2024-Andreu-456x257.jpg\" width=\"456\" height=\"257\" align=\"left\" title=\"Toquem Pedra itinerari arqueol\u00f2gic Catedral_gener 2024 (Andreu)\" \/><\/a><\/div><\/div><div class=\"gallery-group images-1\" style=\"width: 325px; height: 261px;\"><div class=\"tiled-gallery-item tiled-gallery-item-large\"><a href=\"https:\/\/icac.cat\/es\/actualitat\/noticies\/2024\/inauguracion-itinerario-arqueologico-catedral-tarragona\/toquem-pedra-itinerari-arqueologic-catedral_gener-2024-andreu-junior-2\/\"><img data-attachment-id=\"90722\" data-orig-file=\"https:\/\/icac.cat\/wp-content\/uploads\/2024\/01\/Toquem-Pedra-itinerari-arqueologic-Catedral_gener-2024-Andreu-junior.jpg\" data-orig-size=\"2048,1638\" data-comments-opened=\"0\" data-image-meta=\"{&quot;aperture&quot;:&quot;0&quot;,&quot;credit&quot;:&quot;&quot;,&quot;camera&quot;:&quot;&quot;,&quot;caption&quot;:&quot;&quot;,&quot;created_timestamp&quot;:&quot;0&quot;,&quot;copyright&quot;:&quot;&quot;,&quot;focal_length&quot;:&quot;0&quot;,&quot;iso&quot;:&quot;0&quot;,&quot;shutter_speed&quot;:&quot;0&quot;,&quot;title&quot;:&quot;&quot;,&quot;orientation&quot;:&quot;1&quot;}\" data-image-title=\"Toquem Pedra itinerari arqueol\u00f2gic Catedral_gener 2024 (Andreu junior)\" data-image-description=\"\" data-medium-file=\"https:\/\/icac.cat\/wp-content\/uploads\/2024\/01\/Toquem-Pedra-itinerari-arqueologic-Catedral_gener-2024-Andreu-junior-400x320.jpg\" data-large-file=\"https:\/\/icac.cat\/wp-content\/uploads\/2024\/01\/Toquem-Pedra-itinerari-arqueologic-Catedral_gener-2024-Andreu-junior-1024x819.jpg\" src=\"https:\/\/icac.cat\/wp-content\/uploads\/2024\/01\/Toquem-Pedra-itinerari-arqueologic-Catedral_gener-2024-Andreu-junior-321x257.jpg\" width=\"321\" height=\"257\" align=\"left\" title=\"Toquem Pedra itinerari arqueol\u00f2gic Catedral_gener 2024 (Andreu junior)\" \/><\/a><\/div><\/div><\/div><\/div>\n<p>&nbsp;<\/p>\n<h3>Noticias relacionadas:<\/h3>\n<h3><\/h3>\n<p><a href=\"https:\/\/icac.cat\/wp-content\/uploads\/2024\/01\/Els-budells-de-la-Catedral-de-Tarragona-LVD_2024.pdf\" target=\"_blank\" rel=\"noopener\">\u00abEls budells de la catedral\u00bb<\/a>, La Vanguardia, 4 de febrero de 2024.<\/p>\n<p><a href=\"https:\/\/www.ccma.cat\/3cat\/tarragona-inaugura-un-nou-itinerari-arqueologic-a-la-catedral\/video\/6264306\/\" target=\"_blank\" rel=\"noopener\">\u00abTarragona inaugura un nou itinerari a la Catedral\u00bb<\/a>, 3cat Telenot\u00edcies, 3 de febrero de 2024.<\/p>\n<p><iframe loading=\"lazy\" title=\"video 6264306\" src=\"https:\/\/www.ccma.cat\/3cat\/video\/6264306\/embed\/\" width=\"500px\" height=\"281px\" frameborder=\"0\" scrolling=\"no\" allowfullscreen=\"allowfullscreen\" data-mce-fragment=\"1\"><\/iframe><\/p>\n<p><a href=\"https:\/\/www.arquebisbattarragona.cat\/2024\/02\/06\/533-persones-visiten-litinerari-arqueologic-de-la-catedral-de-tarragona-durant-la-jornada-de-portes-obertes\/\" target=\"_blank\" rel=\"noopener\">\u00ab533 persones visiten l&#8217;itinerari arqueol\u00f2gic de la Catedral de Tarragona durant la jornada de portes obertes\u00bb<\/a>, Arzobispado de Tarragona, 6 de febrero de 2024.<\/p>\n<p>&nbsp;<\/p>\n<p><iframe loading=\"lazy\" title=\"YouTube video player\" src=\"https:\/\/www.youtube.com\/embed\/kVeL8NypGD8?si=5kel9TjIYxVHDZ8E\" width=\"560\" height=\"315\" frameborder=\"0\" allowfullscreen=\"allowfullscreen\" data-mce-fragment=\"1\"><\/iframe><\/p>\n<p><a href=\"https:\/\/www.tac12.tv\/tarragona\/arxiu-tarragona\/item\/32199-l-evolucio-de-tarragona-vista-per-primer-cop-des-de-dins-la-catedral\" target=\"_blank\" rel=\"noopener\">\u00abL&#8217;evoluci\u00f3 de Tarragona, vista per primer cop des de dins la Catedral\u00bb<\/a>, Tac12 TV, 24 de enero de 2024.<\/p>\n<p><a href=\"https:\/\/www.elpuntavui.cat\/cultura\/article\/19-cultura\/2378904-la-catedral-de-tarragona-inaugura-al-febrer-un-nou-itinerari-arqueologic.html\" target=\"_blank\" rel=\"noopener\">\u00abLa catedral de Tarragona inaugura al febrer un nou itinerari arqueol\u00f2gic\u00bb<\/a>, El Punt Avui, 24 de enero de 2024.<\/p>\n<p><a href=\"https:\/\/www.diarimes.com\/ca\/tarragona\/240124\/catedral-tarragona-estrenara-nou-itinerari-arqueologic-per-comprendre-recinte-culte-imperial-roma_139556.html\" target=\"_blank\" rel=\"noopener\">\u00abLa catedral de Tarragona estrenar\u00e0 un nou itinerari arqueol\u00f2gic per comprendre el recinte de culte imperial rom\u00e0\u00bb<\/a>, Diari M\u00e9s, 24 de enero de 2024.<\/p>\n<p><a href=\"https:\/\/www.diaridetarragona.com\/tarragona\/la-catedral-estrena-ruta-arqueologica-para-mostrar-sus-2000-anos-de-historia-BI18326601\" target=\"_blank\" rel=\"noopener\">\u00abLa Catedral estrena ruta arqueol\u00f3gica para mostrar sus 2.000 a\u00f1os de historia\u00bb<\/a>, Diari de Tarragona, 24 de enero de 2024.<\/p>\n<p><a href=\"https:\/\/diaridigital.tarragona21.com\/nou-itinerari-arqueologic-de-la-catedral-de-tarragona-un-viatge-per-20-segles-dhistoria\/\" target=\"_blank\" rel=\"noopener\">\u00abNou itinerari arqueol\u00f2gic de la catedral de Tarragona: un viatge per 20 segles d\u2019hist\u00f2ria\u00bb<\/a>, Tarragona21, 24 de enero de 2024.<\/p>\n<p><a href=\"https:\/\/www.ccma.cat\/324\/la-catedral-de-tarragona-estrenara-un-nou-itinerari-arqueologic-per-comprendre-el-recinte-de-culte-imperial-roma\/noticia\/3272733\/\" target=\"_blank\" rel=\"noopener\">\u00abLa catedral de Tarragona estrenar\u00e0 un nou itinerari arqueol\u00f2gic per comprendre el recinte de culte imperial rom\u00e0\u00bb<\/a>, 3cat Not\u00edcies, 24 de enero de 2024.<\/p>\n<p><a href=\"https:\/\/tarragonadigital.com\/noticia\/14584\/catedral-tarragona-impulsa-nou-itinerari-arqueologic\" target=\"_blank\" rel=\"noopener\">\u00abLa Catedral de Tarragona impulsa un nou itinerari arqueol\u00f2gic\u00bb<\/a>, Tarragona Digital, 24 de enero de 2024.<\/p>\n<p><a href=\"https:\/\/www.tarragonaradio.cat\/nou-itinerari-arqueologic-a-la-catedral-per-mostrar-el-potencial-de-lacropolis-de-tarraco\/\" target=\"_blank\" rel=\"noopener\">\u00abNou itinerari arqueol\u00f2gic a la Catedral per mostrar el potencial de l\u2019Acr\u00f2polis de T\u00e0rraco\u00bb<\/a>, Tarragona R\u00e0dio, 24 de enero de 2024.<\/p>\n<p><a href=\"https:\/\/www.arquebisbattarragona.cat\/2024\/01\/24\/sinaugura-el-nou-itinerari-arqueologic-de-la-catedral-de-tarragona\/\" target=\"_blank\" rel=\"noopener\">\u00abS\u2019inaugura el nou itinerari arqueol\u00f2gic de la Catedral de Tarragona\u00bb<\/a>, Arzobispado de Tarragona, 25 de enero de 2024.<\/p>\n<p><a href=\"https:\/\/www.ondacero.es\/emisoras\/catalunya\/tarragona\/audios-podcast\/ciutat-tarragona-25012024_2024012665b370ccb8340700013d745b.html\" target=\"_blank\" rel=\"noopener\">\u00abEntrevista a Andreu Mu\u00f1oz, director del Museu Dioces\u00e0 i del Museu B\u00edblic de Tarragona, que ens explica un nou itinerari arqueol\u00f2gic de la Catedral de Tarragona\u00bb<\/a>, Onda Cero, 26 de enero de 2024:<\/p>\n<p><iframe loading=\"lazy\" src=\"https:\/\/www.ondacero.es\/embed\/ciutat-tarragona-25012024\/audio\/2\/2024\/01\/26\/65b36fd03ddcb0e40b9fb6f2\" width=\"560\" height=\"315\" frameborder=\"0\" scrolling=\"no\" allowfullscreen=\"allowfullscreen\" data-mce-fragment=\"1\"><\/iframe><\/p>\n<p>&nbsp;<\/p>\n","protected":false},"excerpt":{"rendered":"<p>La Catedral de Tarragona cuenta con un nuevo espacio museogr\u00e1fico visitable: un itinerario arqueol\u00f3gico que permite la visita de espacios hasta ahora cerrados al p\u00fablico. Esta actuaci\u00f3n arqueol\u00f3gica y de musealizaci\u00f3n, impulsada por el Instituto Catal\u00e1n de Arqueolog\u00eda Cl\u00e1sica (ICAC-CERCA) y el Museo Diocesano de Tarragona, ha contado con el apoyo del Cap\u00edtulo de la [&hellip;]<\/p>\n","protected":false},"author":160,"featured_media":90700,"comment_status":"closed","ping_status":"closed","sticky":false,"template":"","format":"standard","meta":{"_genesis_hide_title":false,"_genesis_hide_breadcrumbs":false,"_genesis_hide_singular_image":false,"_genesis_hide_footer_widgets":false,"_genesis_custom_body_class":"","_genesis_custom_post_class":"","_genesis_layout":""},"categories":[329,335,343,332,323],"tags":[1153,499,872,976,813,863],"_links":{"self":[{"href":"https:\/\/icac.cat\/es\/wp-json\/wp\/v2\/posts\/90746"}],"collection":[{"href":"https:\/\/icac.cat\/es\/wp-json\/wp\/v2\/posts"}],"about":[{"href":"https:\/\/icac.cat\/es\/wp-json\/wp\/v2\/types\/post"}],"author":[{"embeddable":true,"href":"https:\/\/icac.cat\/es\/wp-json\/wp\/v2\/users\/160"}],"replies":[{"embeddable":true,"href":"https:\/\/icac.cat\/es\/wp-json\/wp\/v2\/comments?post=90746"}],"version-history":[{"count":4,"href":"https:\/\/icac.cat\/es\/wp-json\/wp\/v2\/posts\/90746\/revisions"}],"predecessor-version":[{"id":91332,"href":"https:\/\/icac.cat\/es\/wp-json\/wp\/v2\/posts\/90746\/revisions\/91332"}],"wp:featuredmedia":[{"embeddable":true,"href":"https:\/\/icac.cat\/es\/wp-json\/wp\/v2\/media\/90700"}],"wp:attachment":[{"href":"https:\/\/icac.cat\/es\/wp-json\/wp\/v2\/media?parent=90746"}],"wp:term":[{"taxonomy":"category","embeddable":true,"href":"https:\/\/icac.cat\/es\/wp-json\/wp\/v2\/categories?post=90746"},{"taxonomy":"post_tag","embeddable":true,"href":"https:\/\/icac.cat\/es\/wp-json\/wp\/v2\/tags?post=90746"}],"curies":[{"name":"wp","href":"https:\/\/api.w.org\/{rel}","templated":true}]}}