{"id":91254,"date":"2024-02-09T14:51:01","date_gmt":"2024-02-09T13:51:01","guid":{"rendered":"https:\/\/icac.cat\/?p=91254"},"modified":"2024-02-09T15:33:12","modified_gmt":"2024-02-09T14:33:12","slug":"centros-cerca-tarragona","status":"publish","type":"post","link":"https:\/\/icac.cat\/es\/actualitat\/noticies\/2024\/centros-cerca-tarragona\/","title":{"rendered":"Los centros CERCA de Tarragona reclaman inversiones cruciales en infraestructuras de investigaci\u00f3n para el desarrollo del territorio"},"content":{"rendered":"<h6>Ayer, jueves 8 de febrero, los equipos directivos de los centros de investigaci\u00f3n CERCA de Catalunya Sur mantuvieron una reuni\u00f3n crucial con representantes del Parlament de Catalunya, en la que se destac\u00f3 el papel fundamental de la investigaci\u00f3n como motor de desarrollo territorial.<\/h6>\n<p>Los equipos de direcci\u00f3n de los centros CERCA de Tarragona (el Instituto Catal\u00e1n de Arqueolog\u00eda Cl\u00e1sica, ICAC-CERCA; el Instituto Catal\u00e1n de Investigaci\u00f3n Qu\u00edmica, ICIQ-CERCA; el Instituto de Investigaci\u00f3n Sanitaria Pere Virgili, IISPV-CERCA; y el Instituto Catal\u00e1n de Paleoecolog\u00eda Humana y Evoluci\u00f3n Social, IPHES-CERCA) convergieron para reclamar un apoyo reforzado del Govern en materia de inversiones destinadas a infraestructuras de investigaci\u00f3n.<\/p>\n<div class=\"destacat-entrevista dreta\">\n<div class=\"small-text\">\n<p>En la reuni\u00f3n tambi\u00e9n se transmiti\u00f3 una imagen de unidad y compromiso de los centros de investigaci\u00f3n hacia el progreso cient\u00edfico y tecnol\u00f3gico de la regi\u00f3n.<\/p>\n<\/div>\n<\/div>\n<p>La <strong>importancia estrat\u00e9gica de la Catalunya Sur como polo de desarrollo<\/strong> no puede ser subestimada. La regi\u00f3n ha sido hist\u00f3ricamente un basti\u00f3n de innovaci\u00f3n y descubrimientos cient\u00edficos, y su continuada excelencia en investigaci\u00f3n es esencial para el futuro de Catalunya; especialmente en \u00e1mbitos estrat\u00e9gicos como la industria qu\u00edmica, la salud, el patrimonio y la cultura. Estas \u00e1reas de conocimiento tienen el potencial de responder a los desaf\u00edos m\u00e1s urgentes de nuestra sociedad, incluido el cambio clim\u00e1tico.<\/p>\n<p><strong>Un encuentro en clave de territorio<\/strong><\/p>\n<p>En la reuni\u00f3n, los representantes de los centros CERCA expresaron la <strong>necesidad urgente de inversiones en infraestructuras de investigaci\u00f3n<\/strong> clave para el progreso y avance de la regi\u00f3n. La falta de espacio y recursos adecuados en sus respectivas sedes ha comenzado a limitar la capacidad de los centros para llevar a cabo proyectos ambiciosos y atraer nuevos talentos, poniendo en peligro su capacidad de generar conocimiento y valor a\u00f1adido para la sociedad.<\/p>\n<blockquote><p>Una inversi\u00f3n en ciencia es una inversi\u00f3n en prosperidad econ\u00f3mica, la salud de la poblaci\u00f3n, la sostenibilidad de nuestro entorno y, en definitiva, en la calidad de vida de todos los catalanes y catalanas, afirmaron los representantes de los centros CERCA.<\/p><\/blockquote>\n<p>Las necesidades de los <strong>centros CERCA de Tarragona<\/strong>, especialmente en t\u00e9rminos de adecuaci\u00f3n y ampliaci\u00f3n de sus sedes, fueron trasladadas a los parlamentarios como prioridad esencial para el desarrollo sostenible de la regi\u00f3n. Las inversiones en estos centros no solo estimular\u00e1n la investigaci\u00f3n y la innovaci\u00f3n, sino que tambi\u00e9n jugar\u00e1n un papel clave en la resoluci\u00f3n de desaf\u00edos estrat\u00e9gicos, como la descarbonizaci\u00f3n de la industria petroqu\u00edmica de Tarragona.<\/p>\n<div class=\"highlight-block\">\n<p>Las inversiones en infraestructuras de investigaci\u00f3n no solo beneficiar\u00e1n a los centros CERCA, sino que tambi\u00e9n revertir\u00e1n en ventajas tangibles para toda la sociedad, consolidando la posici\u00f3n de Catalunya Sur como referente en la investigaci\u00f3n cient\u00edfica y el desarrollo tecnol\u00f3gico.<\/p>\n<\/div>\n<p>&nbsp;<\/p>\n<div data-carousel-extra='{\"blog_id\":1,\"permalink\":\"https:\\\/\\\/icac.cat\\\/es\\\/actualitat\\\/noticies\\\/2024\\\/centros-cerca-tarragona\\\/\"}' class=\"tiled-gallery type-rectangular\" data-original-width=\"790\"><div class=\"gallery-row\" style=\"width: 785px; height: 331px;\"><div class=\"gallery-group images-1\" style=\"width: 494px; height: 335px;\"><div class=\"tiled-gallery-item tiled-gallery-item-large\"><a href=\"https:\/\/icac.cat\/es\/actualitat\/noticies\/2024\/centros-cerca-tarragona\/11_icac-2\/\"><img data-attachment-id=\"91239\" data-orig-file=\"https:\/\/icac.cat\/wp-content\/uploads\/2024\/02\/11_icac.jpg\" data-orig-size=\"890,602\" data-comments-opened=\"0\" data-image-meta=\"{&quot;aperture&quot;:&quot;0&quot;,&quot;credit&quot;:&quot;&quot;,&quot;camera&quot;:&quot;&quot;,&quot;caption&quot;:&quot;&quot;,&quot;created_timestamp&quot;:&quot;0&quot;,&quot;copyright&quot;:&quot;&quot;,&quot;focal_length&quot;:&quot;0&quot;,&quot;iso&quot;:&quot;0&quot;,&quot;shutter_speed&quot;:&quot;0&quot;,&quot;title&quot;:&quot;&quot;,&quot;orientation&quot;:&quot;0&quot;}\" data-image-title=\"11_icac\" data-image-description=\"\" data-medium-file=\"https:\/\/icac.cat\/wp-content\/uploads\/2024\/02\/11_icac-400x271.jpg\" data-large-file=\"https:\/\/icac.cat\/wp-content\/uploads\/2024\/02\/11_icac.jpg\" src=\"https:\/\/icac.cat\/wp-content\/uploads\/2024\/02\/11_icac-490x331.jpg\" width=\"490\" height=\"331\" align=\"left\" title=\"11_icac\" \/><\/a><\/div><\/div><div class=\"gallery-group images-1\" style=\"width: 291px; height: 335px;\"><div class=\"tiled-gallery-item tiled-gallery-item-large\"><a href=\"https:\/\/icac.cat\/es\/actualitat\/noticies\/2024\/centros-cerca-tarragona\/logo-iciq-2\/\"><img data-attachment-id=\"91242\" data-orig-file=\"https:\/\/icac.cat\/wp-content\/uploads\/2024\/02\/logo-iciq.png\" data-orig-size=\"1024,1181\" data-comments-opened=\"0\" data-image-meta=\"{&quot;aperture&quot;:&quot;0&quot;,&quot;credit&quot;:&quot;&quot;,&quot;camera&quot;:&quot;&quot;,&quot;caption&quot;:&quot;&quot;,&quot;created_timestamp&quot;:&quot;0&quot;,&quot;copyright&quot;:&quot;&quot;,&quot;focal_length&quot;:&quot;0&quot;,&quot;iso&quot;:&quot;0&quot;,&quot;shutter_speed&quot;:&quot;0&quot;,&quot;title&quot;:&quot;&quot;,&quot;orientation&quot;:&quot;0&quot;}\" data-image-title=\"logo iciq\" data-image-description=\"\" data-medium-file=\"https:\/\/icac.cat\/wp-content\/uploads\/2024\/02\/logo-iciq-400x461.png\" data-large-file=\"https:\/\/icac.cat\/wp-content\/uploads\/2024\/02\/logo-iciq-888x1024.png\" src=\"https:\/\/icac.cat\/wp-content\/uploads\/2024\/02\/logo-iciq-287x331.png\" width=\"287\" height=\"331\" align=\"left\" title=\"logo iciq\" \/><\/a><\/div><\/div><\/div><div class=\"gallery-row\" style=\"width: 785px; height: 402px;\"><div class=\"gallery-group images-1\" style=\"width: 353px; height: 406px;\"><div class=\"tiled-gallery-item tiled-gallery-item-large\"><a href=\"https:\/\/icac.cat\/es\/actualitat\/noticies\/2024\/centros-cerca-tarragona\/logo_iispv_cerca_v-2\/\"><img data-attachment-id=\"91245\" data-orig-file=\"https:\/\/icac.cat\/wp-content\/uploads\/2024\/02\/logo_iispv_cerca_v.png\" data-orig-size=\"337,388\" data-comments-opened=\"0\" data-image-meta=\"{&quot;aperture&quot;:&quot;0&quot;,&quot;credit&quot;:&quot;&quot;,&quot;camera&quot;:&quot;&quot;,&quot;caption&quot;:&quot;&quot;,&quot;created_timestamp&quot;:&quot;0&quot;,&quot;copyright&quot;:&quot;&quot;,&quot;focal_length&quot;:&quot;0&quot;,&quot;iso&quot;:&quot;0&quot;,&quot;shutter_speed&quot;:&quot;0&quot;,&quot;title&quot;:&quot;&quot;,&quot;orientation&quot;:&quot;0&quot;}\" data-image-title=\"logo_iispv_cerca_v\" data-image-description=\"\" data-medium-file=\"https:\/\/icac.cat\/wp-content\/uploads\/2024\/02\/logo_iispv_cerca_v.png\" data-large-file=\"https:\/\/icac.cat\/wp-content\/uploads\/2024\/02\/logo_iispv_cerca_v.png\" src=\"https:\/\/icac.cat\/wp-content\/uploads\/2024\/02\/logo_iispv_cerca_v.png\" width=\"349\" height=\"402\" align=\"left\" title=\"logo_iispv_cerca_v\" \/><\/a><\/div><\/div><div class=\"gallery-group images-1\" style=\"width: 432px; height: 406px;\"><div class=\"tiled-gallery-item tiled-gallery-item-large\"><a href=\"https:\/\/icac.cat\/es\/actualitat\/noticies\/2024\/centros-cerca-tarragona\/logo-iphes-2\/\"><img data-attachment-id=\"91248\" data-orig-file=\"https:\/\/icac.cat\/wp-content\/uploads\/2024\/02\/logo-iphes.png\" data-orig-size=\"204,192\" data-comments-opened=\"0\" data-image-meta=\"{&quot;aperture&quot;:&quot;0&quot;,&quot;credit&quot;:&quot;&quot;,&quot;camera&quot;:&quot;&quot;,&quot;caption&quot;:&quot;&quot;,&quot;created_timestamp&quot;:&quot;0&quot;,&quot;copyright&quot;:&quot;&quot;,&quot;focal_length&quot;:&quot;0&quot;,&quot;iso&quot;:&quot;0&quot;,&quot;shutter_speed&quot;:&quot;0&quot;,&quot;title&quot;:&quot;&quot;,&quot;orientation&quot;:&quot;0&quot;}\" data-image-title=\"logo iphes\" data-image-description=\"\" data-medium-file=\"https:\/\/icac.cat\/wp-content\/uploads\/2024\/02\/logo-iphes.png\" data-large-file=\"https:\/\/icac.cat\/wp-content\/uploads\/2024\/02\/logo-iphes.png\" src=\"https:\/\/icac.cat\/wp-content\/uploads\/2024\/02\/logo-iphes.png\" width=\"428\" height=\"402\" align=\"left\" title=\"logo iphes\" \/><\/a><\/div><\/div><\/div><\/div>\n<p><img loading=\"lazy\" class=\"aligncenter wp-image-80280 size-large\" src=\"https:\/\/icac.cat\/wp-content\/uploads\/2022\/10\/CERCA-MARCA-A-1024x401.jpg\" sizes=\"(max-width: 400px) 100vw, 400px\" srcset=\"https:\/\/icac.cat\/wp-content\/uploads\/2022\/10\/CERCA-MARCA-A-400x157.jpg 400w, https:\/\/icac.cat\/wp-content\/uploads\/2022\/10\/CERCA-MARCA-A-1024x401.jpg 1024w, https:\/\/icac.cat\/wp-content\/uploads\/2022\/10\/CERCA-MARCA-A-768x301.jpg 768w, https:\/\/icac.cat\/wp-content\/uploads\/2022\/10\/CERCA-MARCA-A-1536x602.jpg 1536w, https:\/\/icac.cat\/wp-content\/uploads\/2022\/10\/CERCA-MARCA-A.jpg 1830w\" alt=\"\" width=\"790\" height=\"309\" \/><\/p>\n<h6><\/h6>\n<h6><\/h6>\n<h6><\/h6>\n<hr \/>\n<h6>Sobre el Instituto Catal\u00e1n de Arqueolog\u00eda Cl\u00e1sica (ICAC-CERCA)<\/h6>\n<p>El\u00a0<a href=\"https:\/\/icac.cat\/es\/\" target=\"_blank\" rel=\"noopener\">Instituto Catal\u00e1n de Arqueolog\u00eda Cl\u00e1sica (ICAC-CERCA)<\/a>\u00a0es\u00a0<strong>un centro CERCA<\/strong>\u00a0creado como consorcio en 2003 por la Generalitat de Catalunya y la Universidad Rovira i Virgili. Es una instituci\u00f3n catalana con vocaci\u00f3n internacional, puntera en la investigaci\u00f3n y conservaci\u00f3n del patrimonio arqueol\u00f3gico. Tiene su sede en Tarragona, ciudad reconocida como Patrimonio Mundial por la UNESCO en el a\u00f1o 2000. Sus investigadores e investigadoras trabajan para comprender el pasado a trav\u00e9s del estudio de los restos arqueol\u00f3gicos y promover la preservaci\u00f3n del legado hist\u00f3rico. \u00a1Somos CERCA!<\/p>\n<p>Para m\u00e1s informaci\u00f3n, visitad el sitio web del ICAC en\u00a0<a href=\"http:\/\/www.icac.cat\/\" target=\"_new\" rel=\"noopener\">www.icac.cat<\/a>.<\/p>\n<p>&nbsp;<\/p>\n","protected":false},"excerpt":{"rendered":"<p>Ayer, jueves 8 de febrero, los equipos directivos de los centros de investigaci\u00f3n CERCA de Catalunya Sur mantuvieron una reuni\u00f3n crucial con representantes del Parlament de Catalunya, en la que se destac\u00f3 el papel fundamental de la investigaci\u00f3n como motor de desarrollo territorial. Los equipos de direcci\u00f3n de los centros CERCA de Tarragona (el Instituto [&hellip;]<\/p>\n","protected":false},"author":160,"featured_media":91231,"comment_status":"closed","ping_status":"closed","sticky":false,"template":"","format":"standard","meta":{"_genesis_hide_title":false,"_genesis_hide_breadcrumbs":false,"_genesis_hide_singular_image":false,"_genesis_hide_footer_widgets":false,"_genesis_custom_body_class":"","_genesis_custom_post_class":"","_genesis_layout":""},"categories":[329,331,335,343,332,337,323],"tags":[1158,889],"_links":{"self":[{"href":"https:\/\/icac.cat\/es\/wp-json\/wp\/v2\/posts\/91254"}],"collection":[{"href":"https:\/\/icac.cat\/es\/wp-json\/wp\/v2\/posts"}],"about":[{"href":"https:\/\/icac.cat\/es\/wp-json\/wp\/v2\/types\/post"}],"author":[{"embeddable":true,"href":"https:\/\/icac.cat\/es\/wp-json\/wp\/v2\/users\/160"}],"replies":[{"embeddable":true,"href":"https:\/\/icac.cat\/es\/wp-json\/wp\/v2\/comments?post=91254"}],"version-history":[{"count":5,"href":"https:\/\/icac.cat\/es\/wp-json\/wp\/v2\/posts\/91254\/revisions"}],"predecessor-version":[{"id":91263,"href":"https:\/\/icac.cat\/es\/wp-json\/wp\/v2\/posts\/91254\/revisions\/91263"}],"wp:featuredmedia":[{"embeddable":true,"href":"https:\/\/icac.cat\/es\/wp-json\/wp\/v2\/media\/91231"}],"wp:attachment":[{"href":"https:\/\/icac.cat\/es\/wp-json\/wp\/v2\/media?parent=91254"}],"wp:term":[{"taxonomy":"category","embeddable":true,"href":"https:\/\/icac.cat\/es\/wp-json\/wp\/v2\/categories?post=91254"},{"taxonomy":"post_tag","embeddable":true,"href":"https:\/\/icac.cat\/es\/wp-json\/wp\/v2\/tags?post=91254"}],"curies":[{"name":"wp","href":"https:\/\/api.w.org\/{rel}","templated":true}]}}