{"id":91783,"date":"2024-03-04T09:54:46","date_gmt":"2024-03-04T08:54:46","guid":{"rendered":"https:\/\/icac.cat\/?p=91783"},"modified":"2024-03-04T11:30:51","modified_gmt":"2024-03-04T10:30:51","slug":"plan-innovacion-humanidades-cerca","status":"publish","type":"post","link":"https:\/\/icac.cat\/es\/actualitat\/noticies\/2024\/plan-innovacion-humanidades-cerca\/","title":{"rendered":"Arranca el plan de impulso a la innovaci\u00f3n en ciencias sociales y humanidades con una visita a la Universidad de Leiden"},"content":{"rendered":"<h6>El plan, dirigido a los siete centros CERCA de este \u00e1mbito, propone identificar desaf\u00edos y buenas pr\u00e1cticas internacionales que impulsen la innovaci\u00f3n en nuestro entorno.<\/h6>\n<p>Los d\u00edas 26 y 27 de febrero, una delegaci\u00f3n compuesta por personal investigador y responsables de transferencia de los siete centros CERCA de ciencias sociales y humanidades (<a href=\"https:\/\/ced.cat\/\" target=\"_blank\" rel=\"noopener\">CED<\/a>,<a href=\"https:\/\/crei.cat\/\" target=\"_blank\" rel=\"noopener\"> CREI<\/a>,<a href=\"https:\/\/www.ibei.org\/ca\" target=\"_blank\" rel=\"noopener\"> IBEI<\/a>,<a href=\"https:\/\/icac.cat\/\" target=\"_blank\" rel=\"noopener\"> ICAC<\/a>,<a href=\"http:\/\/www.iphes.cat\/\" target=\"_blank\" rel=\"noopener\"> IPHES<\/a>,<a href=\"http:\/\/www.icrpc.cat\/\" target=\"_blank\" rel=\"noopener\"> ICRPC<\/a> y\u00a0<a href=\"https:\/\/www.icp.cat\/index.php\/ca\/\" target=\"_blank\" rel=\"noopener\">ICP<\/a>) visitaron la Universidad de Leiden en los Pa\u00edses Bajos.<\/p>\n<p>El objetivo principal de la visita ha sido entrevistarse personalmente con la <a href=\"https:\/\/nl.linkedin.com\/in\/jessica-meijer-824a4a27\" target=\"_blank\" rel=\"noopener\">Dra. Jessica Meijer<\/a>, jefa de innovaci\u00f3n y desarrollo de negocios de LURIS, la unidad de transferencia de la Universidad de Leiden.<\/p>\n<p>La <a href=\"https:\/\/nl.linkedin.com\/in\/jessica-meijer-824a4a27\" target=\"_blank\" rel=\"noopener\">Dra. Meijer<\/a> ha estado trabajando con los responsables de cada centro durante el mes de enero con el fin de preparar un plan de acci\u00f3n que siente las bases y promueva la innovaci\u00f3n y el impacto de estos centros hacia la sociedad e incluirlo en su agenda estrat\u00e9gica.<\/p>\n<div class=\"highlight-block\">\n<p>El <a href=\"https:\/\/cerca.cat\/iniciatives-cerca\/innovacio-en-ciencies-socials-i-humanitats\/\" target=\"_blank\" rel=\"noopener\">plan de impulso a la innovaci\u00f3n en ciencias sociales y humanidades<\/a>, dirigido a los siete centros CERCA de este \u00e1mbito, propone identificar desaf\u00edos y buenas pr\u00e1cticas internacionales que impulsen la innovaci\u00f3n en nuestro entorno.<\/p>\n<\/div>\n<p><iframe loading=\"lazy\" title=\"YouTube video player\" src=\"https:\/\/www.youtube.com\/embed\/w6j740jLOoY?si=qfYa2CytHY50GAB6\" width=\"560\" height=\"315\" frameborder=\"0\" allowfullscreen=\"allowfullscreen\" data-mce-fragment=\"1\"><\/iframe><\/p>\n<p>&nbsp;<\/p>\n<p>Durante el viaje, los participantes han podido conocer el funcionamiento de la <strong>Digital Scholarship<\/strong> especializada en la aplicaci\u00f3n de tecnolog\u00edas digitales en el \u00e1mbito acad\u00e9mico y de investigaci\u00f3n.<\/p>\n<p>Tambi\u00e9n se ha presentado el <strong>Digital Humanities Lab<\/strong>, una plataforma que ofrece equipamiento avanzado y personal especializado para atender las demandas del personal investigador y los estudiantes.<\/p>\n<p>El <a href=\"https:\/\/cerca.cat\/iniciatives-cerca\/innovacio-en-ciencies-socials-i-humanitats\/\" target=\"_blank\" rel=\"noopener\">plan de impulso a la innovaci\u00f3n en ciencias sociales y humanidades<\/a> forma parte del <strong>programa de impulso a la transferencia de conocimiento del Sistema CERCA<\/strong> que se ha iniciado este a\u00f1o con financiamiento de la Direcci\u00f3n General de Transferencia y Sociedad del Conocimiento (Generalitat de Catalunya).<\/p>\n<figure id=\"attachment_91767\" aria-describedby=\"caption-attachment-91767\" style=\"width: 790px\" class=\"wp-caption aligncenter\"><a href=\"https:\/\/icac.cat\/wp-content\/uploads\/2024\/03\/iCERCA_pla-innovacio-humanitats_visita-Leiden_febrer-2024-2.jpg\"><img loading=\"lazy\" class=\"size-large wp-image-91767\" src=\"https:\/\/icac.cat\/wp-content\/uploads\/2024\/03\/iCERCA_pla-innovacio-humanitats_visita-Leiden_febrer-2024-2-1024x576.jpg\" alt=\"\" width=\"790\" height=\"444\" srcset=\"https:\/\/icac.cat\/wp-content\/uploads\/2024\/03\/iCERCA_pla-innovacio-humanitats_visita-Leiden_febrer-2024-2-1024x576.jpg 1024w, https:\/\/icac.cat\/wp-content\/uploads\/2024\/03\/iCERCA_pla-innovacio-humanitats_visita-Leiden_febrer-2024-2-400x225.jpg 400w, https:\/\/icac.cat\/wp-content\/uploads\/2024\/03\/iCERCA_pla-innovacio-humanitats_visita-Leiden_febrer-2024-2-768x432.jpg 768w, https:\/\/icac.cat\/wp-content\/uploads\/2024\/03\/iCERCA_pla-innovacio-humanitats_visita-Leiden_febrer-2024-2.jpg 1280w\" sizes=\"(max-width: 790px) 100vw, 790px\" \/><\/a><figcaption id=\"caption-attachment-91767\" class=\"wp-caption-text\">Detalle de una de las reuniones de la comisi\u00f3n de centros CERCA durante su visita a la Universidad de Leiden. Foto: cedida (iCERCA).<\/figcaption><\/figure>\n<p>&nbsp;<\/p>\n<p>Desde el ICAC-CERCA, han participado <a href=\"https:\/\/icac.cat\/es\/quienes-somos\/personal\/jpalet\/\"><strong>Josep Maria Palet<\/strong><\/a>, director del Instituto y miembro activo de diversos proyectos de transferencia del grupo de investigaci\u00f3n GIAP (que codirige) y <a href=\"https:\/\/icac.cat\/es\/quienes-somos\/personal\/mflorez_giap\/\"><strong>Marta Fl\u00f3rez<\/strong><\/a>, responsable del \u00c1rea de Transferencia.<\/p>\n<p>En esta misi\u00f3n a Leiden les han acompa\u00f1ado Marta Fontanals (t\u00e9cnica de Transferencia del conocimiento, IPHES), Antoni Rojas (responsable de Proyectos y Comunicaci\u00f3n, ICRPC), Jos\u00e9 Antonio Fuentes (director gerente, ICP), David Basanta (responsable de Proyectos, ICP), Teresa Cusid\u00f3 (jefe de Proyectos y Transferencia del conocimiento, CED), Amalia G\u00f3mez (t\u00e9cnica de Proyectos y Transferencia del conocimiento, CED), Anna Rios (Business Manager, CREI), Aina de Oleza (responsable de Proyectos, CREI), Anaclara Gonz\u00e1lez (coordinadora de la Unidad de Investigaci\u00f3n, IBEI), Laia Mestres (responsable de Relaciones Institucionales e Igualdad, IBEI), Toni Bassaganyas (Project Manager, ICERCA), Anna Bellmunt (Project Manager, ICERCA) y Yolanda Rovira (administradora y coordinadora del Programa de Impacto en la Instituci\u00f3n CERCA).<\/p>\n<p>\u00a1Somos CERCA!<\/p>\n<figure id=\"attachment_91763\" aria-describedby=\"caption-attachment-91763\" style=\"width: 790px\" class=\"wp-caption aligncenter\"><a href=\"https:\/\/icac.cat\/wp-content\/uploads\/2024\/03\/iCERCA_pla-innovacio-humanitats_visita-Leiden_febrer-2024-1.jpg\"><img loading=\"lazy\" class=\"size-large wp-image-91763\" src=\"https:\/\/icac.cat\/wp-content\/uploads\/2024\/03\/iCERCA_pla-innovacio-humanitats_visita-Leiden_febrer-2024-1-1024x768.jpg\" alt=\"\" width=\"790\" height=\"593\" srcset=\"https:\/\/icac.cat\/wp-content\/uploads\/2024\/03\/iCERCA_pla-innovacio-humanitats_visita-Leiden_febrer-2024-1-1024x768.jpg 1024w, https:\/\/icac.cat\/wp-content\/uploads\/2024\/03\/iCERCA_pla-innovacio-humanitats_visita-Leiden_febrer-2024-1-400x300.jpg 400w, https:\/\/icac.cat\/wp-content\/uploads\/2024\/03\/iCERCA_pla-innovacio-humanitats_visita-Leiden_febrer-2024-1-768x576.jpg 768w, https:\/\/icac.cat\/wp-content\/uploads\/2024\/03\/iCERCA_pla-innovacio-humanitats_visita-Leiden_febrer-2024-1.jpg 1280w\" sizes=\"(max-width: 790px) 100vw, 790px\" \/><\/a><figcaption id=\"caption-attachment-91763\" class=\"wp-caption-text\">Un grupo de representantes de los siete centros CERCA del \u00e1mbito de las ciencias sociales y las humanidades ha realizado una estancia en la Universidad de Leiden en el marco del plan de impulso a la innovaci\u00f3n en ciencias sociales y humanidades impulsado por iCERCA. Foto: cedida (iCERCA).<\/figcaption><\/figure>\n<p>&nbsp;<\/p>\n<p><a href=\"https:\/\/icac.cat\/wp-content\/uploads\/2022\/10\/CERCA-MARCA-A.jpg\"><img loading=\"lazy\" class=\"aligncenter wp-image-80280 size-medium\" src=\"https:\/\/icac.cat\/wp-content\/uploads\/2022\/10\/CERCA-MARCA-A-400x157.jpg\" alt=\"\" width=\"400\" height=\"157\" srcset=\"https:\/\/icac.cat\/wp-content\/uploads\/2022\/10\/CERCA-MARCA-A-400x157.jpg 400w, https:\/\/icac.cat\/wp-content\/uploads\/2022\/10\/CERCA-MARCA-A-1024x401.jpg 1024w, https:\/\/icac.cat\/wp-content\/uploads\/2022\/10\/CERCA-MARCA-A-768x301.jpg 768w, https:\/\/icac.cat\/wp-content\/uploads\/2022\/10\/CERCA-MARCA-A-1536x602.jpg 1536w, https:\/\/icac.cat\/wp-content\/uploads\/2022\/10\/CERCA-MARCA-A.jpg 1830w\" sizes=\"(max-width: 400px) 100vw, 400px\" \/><\/a><\/p>\n<h5><\/h5>\n<h5><\/h5>\n<h5>Noticias relacionadas:<\/h5>\n<p><a href=\"https:\/\/cerca.cat\/actualitat\/noticies\/comenca-el-nou-programa-dimpuls-a-la-transferencia-de-coneixement-del-sistema-cerca\/\" target=\"_blank\" rel=\"noopener\">\u00abComen\u00e7a el nou programa d\u2019impuls a la transfer\u00e8ncia de coneixement del Sistema CERCA\u00bb<\/a>, web de la Instituci\u00f3 CERCA, 30 de gener de 2024.<\/p>\n<p>&nbsp;<\/p>\n<p>&nbsp;<\/p>\n","protected":false},"excerpt":{"rendered":"<p>El plan, dirigido a los siete centros CERCA de este \u00e1mbito, propone identificar desaf\u00edos y buenas pr\u00e1cticas internacionales que impulsen la innovaci\u00f3n en nuestro entorno. Los d\u00edas 26 y 27 de febrero, una delegaci\u00f3n compuesta por personal investigador y responsables de transferencia de los siete centros CERCA de ciencias sociales y humanidades (CED, CREI, IBEI, [&hellip;]<\/p>\n","protected":false},"author":160,"featured_media":91775,"comment_status":"closed","ping_status":"closed","sticky":false,"template":"","format":"standard","meta":{"_genesis_hide_title":false,"_genesis_hide_breadcrumbs":false,"_genesis_hide_singular_image":false,"_genesis_hide_footer_widgets":false,"_genesis_custom_body_class":"","_genesis_custom_post_class":"","_genesis_layout":""},"categories":[329,343,332,337],"tags":[889,1173,1172,1171,863],"_links":{"self":[{"href":"https:\/\/icac.cat\/es\/wp-json\/wp\/v2\/posts\/91783"}],"collection":[{"href":"https:\/\/icac.cat\/es\/wp-json\/wp\/v2\/posts"}],"about":[{"href":"https:\/\/icac.cat\/es\/wp-json\/wp\/v2\/types\/post"}],"author":[{"embeddable":true,"href":"https:\/\/icac.cat\/es\/wp-json\/wp\/v2\/users\/160"}],"replies":[{"embeddable":true,"href":"https:\/\/icac.cat\/es\/wp-json\/wp\/v2\/comments?post=91783"}],"version-history":[{"count":1,"href":"https:\/\/icac.cat\/es\/wp-json\/wp\/v2\/posts\/91783\/revisions"}],"predecessor-version":[{"id":91784,"href":"https:\/\/icac.cat\/es\/wp-json\/wp\/v2\/posts\/91783\/revisions\/91784"}],"wp:featuredmedia":[{"embeddable":true,"href":"https:\/\/icac.cat\/es\/wp-json\/wp\/v2\/media\/91775"}],"wp:attachment":[{"href":"https:\/\/icac.cat\/es\/wp-json\/wp\/v2\/media?parent=91783"}],"wp:term":[{"taxonomy":"category","embeddable":true,"href":"https:\/\/icac.cat\/es\/wp-json\/wp\/v2\/categories?post=91783"},{"taxonomy":"post_tag","embeddable":true,"href":"https:\/\/icac.cat\/es\/wp-json\/wp\/v2\/tags?post=91783"}],"curies":[{"name":"wp","href":"https:\/\/api.w.org\/{rel}","templated":true}]}}