{"id":92278,"date":"2024-03-27T22:54:14","date_gmt":"2024-03-27T21:54:14","guid":{"rendered":"https:\/\/icac.cat\/?p=92278"},"modified":"2024-03-27T23:16:40","modified_gmt":"2024-03-27T22:16:40","slug":"ruta-mina-arquebisbe","status":"publish","type":"post","link":"https:\/\/icac.cat\/es\/actualitat\/noticies\/2024\/ruta-mina-arquebisbe\/","title":{"rendered":"Caminando sobre la Mina de l&#8217;Arquebisbe (Tarragona)"},"content":{"rendered":"<p><a href=\"https:\/\/www.ematsa.cat\/\" target=\"_blank\" rel=\"noopener\">EMATSA<\/a> y la <a href=\"https:\/\/www.tarragona.cat\/patrimoni\/arxiu-municipal\/presentacio\/seccions\/BHMT\" target=\"_blank\" rel=\"noopener\">Biblioteca Hemeroteca Municipal de Tarragona<\/a> organizaron una ruta guiada por<strong> la Mina de l&#8217;Arquebisbe <\/strong>(Tarragona), un sistema de canalizaci\u00f3n clave para el abastecimiento de agua de la ciudad de Tarragona y que se comenz\u00f3 a construir en el siglo XVIII.<\/p>\n<p>La caminata sigui\u00f3 un recorrido por los \u00faltimos kil\u00f3metros de la Mina de l&#8217;Arquebisbe, una infraestructura hidr\u00e1ulica que abastec\u00eda a la ciudad. Rememora el hito del 3 de diciembre de 1798, cuando la canalizaci\u00f3n se puso en marcha y el agua volvi\u00f3 a brotar de las fuentes de Tarragona, algunas de ellas construidas expresamente para conmemorar ese acontecimiento. Los art\u00edfices de la recuperaci\u00f3n de la mina fueron los arzobispos Joaqu\u00edn de Santiy\u00e1n y Francesc Armany\u00e0, que devolvieron a la ciudad la provisi\u00f3n de aguas desde la captaci\u00f3n de Puigpelat.<\/p>\n<div class=\"destacat-entrevista dreta\">\n<div class=\"small-text\">\n<p>Una propuesta hist\u00f3rica y cultural para dar a conocer diversos aspectos del mundo del agua en la ciudad de Tarragona en el marco del D\u00eda Mundial del Agua (22 de marzo)<\/p>\n<\/div>\n<\/div>\n<p>La ruta cont\u00f3 con la gu\u00eda de <a href=\"https:\/\/icac.cat\/qui-som\/personal\/jlopez\/\">Jordi L\u00f3pez Vilar<\/a>, investigador del ICAC-CERCA (grupo de investigaci\u00f3n MIRMED) y gran conocedor de los acueductos romanos de Tarraco. El recorrido, circular, parti\u00f3 del Camp de Mart y, a lo largo de 5 kil\u00f3metros, recorri\u00f3 los vestigios de la mina romana alrededor de Sant Pere y Sant Pau y la Part Alta. Durante el camino se pudieron ver los hitos, respiraderos y pozos de registro; tambi\u00e9n las instalaciones de EMATSA y el espacio El camino del agua, situado dentro de un antiguo dep\u00f3sito museizado, as\u00ed como el interior del dep\u00f3sito de agua de l&#8217;Oliva.<\/p>\n<p>&nbsp;<\/p>\n<p><img loading=\"lazy\" class=\"aligncenter size-large wp-image-92264\" src=\"https:\/\/icac.cat\/wp-content\/uploads\/2024\/03\/Caminant-sobre-la-Mina-Arquebisbe_triptic_p3-1024x728.jpg\" alt=\"\" width=\"790\" height=\"562\" srcset=\"https:\/\/icac.cat\/wp-content\/uploads\/2024\/03\/Caminant-sobre-la-Mina-Arquebisbe_triptic_p3-1024x728.jpg 1024w, https:\/\/icac.cat\/wp-content\/uploads\/2024\/03\/Caminant-sobre-la-Mina-Arquebisbe_triptic_p3-400x285.jpg 400w, https:\/\/icac.cat\/wp-content\/uploads\/2024\/03\/Caminant-sobre-la-Mina-Arquebisbe_triptic_p3-768x546.jpg 768w, https:\/\/icac.cat\/wp-content\/uploads\/2024\/03\/Caminant-sobre-la-Mina-Arquebisbe_triptic_p3-1536x1093.jpg 1536w, https:\/\/icac.cat\/wp-content\/uploads\/2024\/03\/Caminant-sobre-la-Mina-Arquebisbe_triptic_p3-2048x1457.jpg 2048w\" sizes=\"(max-width: 790px) 100vw, 790px\" \/><\/p>\n<p>&nbsp;<\/p>\n<p>Ya dentro del n\u00facleo urbano de Tarragona, la caminata pas\u00f3 por la antigua entrada de la mina romana, la torre de las aguas y las cuatro fuentes que mand\u00f3 construir el arzobispo Armany\u00e0 y que a\u00fan se conservan en la Part Alta: en la plaza Sant Joan, plaza de les Cols y plaza Sant Antoni.<\/p>\n<p>Nos acompa\u00f1\u00f3 la periodista N\u00faria Riu, que public\u00f3 una <a href=\"https:\/\/www.diaridetarragona.com\/tarragona\/el-papel-del-arzobispo-santiyan-para-garantizar-el-agua-a-la-ciudad-de-tarragona-DH18972010\" target=\"_blank\" rel=\"noopener\">cr\u00f2nica de la jornada en el Diari de Tarragona<\/a> (24 de marzo)<\/p>\n<div class=\"destacat-entrevista dreta\">\n<div class=\"small-text\">\n<p>\u00a1La actividad agot\u00f3 las 50 plazas disponibles pocos d\u00edas despu\u00e9s de abrir las inscripciones!<\/p>\n<\/div>\n<\/div>\n<blockquote><p>Conocer la Mina de l&#8217;Arquebisbe es una oportunidad para ver c\u00f3mo a lo largo de su historia Tarragona siempre ha tenido que preocuparse por el abastecimiento de este recurso b\u00e1sico [el agua] de su poblaci\u00f3n\u00bb, recoge N\u00faria Riu en el Diari de Tarragona.<\/p><\/blockquote>\n<figure id=\"attachment_92269\" aria-describedby=\"caption-attachment-92269\" style=\"width: 790px\" class=\"wp-caption aligncenter\"><img loading=\"lazy\" class=\"size-large wp-image-92269\" src=\"https:\/\/icac.cat\/wp-content\/uploads\/2024\/03\/Visita-mina-arquebisbe-EMATSA-2024_Lopez_Mirmed-1-1024x1024.jpg\" alt=\"\" width=\"790\" height=\"790\" srcset=\"https:\/\/icac.cat\/wp-content\/uploads\/2024\/03\/Visita-mina-arquebisbe-EMATSA-2024_Lopez_Mirmed-1-1024x1024.jpg 1024w, https:\/\/icac.cat\/wp-content\/uploads\/2024\/03\/Visita-mina-arquebisbe-EMATSA-2024_Lopez_Mirmed-1-400x400.jpg 400w, https:\/\/icac.cat\/wp-content\/uploads\/2024\/03\/Visita-mina-arquebisbe-EMATSA-2024_Lopez_Mirmed-1-120x120.jpg 120w, https:\/\/icac.cat\/wp-content\/uploads\/2024\/03\/Visita-mina-arquebisbe-EMATSA-2024_Lopez_Mirmed-1-768x768.jpg 768w, https:\/\/icac.cat\/wp-content\/uploads\/2024\/03\/Visita-mina-arquebisbe-EMATSA-2024_Lopez_Mirmed-1.jpg 1310w\" sizes=\"(max-width: 790px) 100vw, 790px\" \/><figcaption id=\"caption-attachment-92269\" class=\"wp-caption-text\">Un grupo de 50 personas siguieron la caminata por la Mina de l&#8217;Arquebisbe guiados por el investigador del ICAC-CERCA Jordi L\u00f3pez. Foto: EMATSA (cedida).<\/figcaption><\/figure>\n<p>&nbsp;<\/p>\n<p>Algunos de los elementos que se pudieron ver con la caminata por la Mina de l&#8217;Arquebisbe est\u00e1n catalogados en la publicaci\u00f3n <a href=\"https:\/\/icac.cat\/serveis\/publicacions\/llibre\/cataleg-dels-elements-patrimonials-relacionats-amb-el-cicle-integral-de-laigua\/\"><em><strong>Cat\u00e0leg dels elements patrimonials relacionats amb el cicle integral de l\u2019aigua<\/strong><\/em><\/a>, editada por el ICAC-CERCA y EMATSA en 2021 y que presenta una compilaci\u00f3n de datos sobre 104 elementos hist\u00f3ricos vinculados a la captaci\u00f3n y la conducci\u00f3n del agua en los municipios de Tarragona, la Canonja, el Catllar y els Pallaresos.<\/p>\n<p><a href=\"https:\/\/icac.cat\/serveis\/publicacions\/llibre\/cataleg-dels-elements-patrimonials-relacionats-amb-el-cicle-integral-de-laigua\/\"><img loading=\"lazy\" class=\"alignleft wp-image-53103 size-medium\" src=\"https:\/\/icac.cat\/wp-content\/uploads\/2021\/03\/CATALEG-EMATSA_portada-400x566.jpg\" alt=\"\" width=\"400\" height=\"566\" srcset=\"https:\/\/icac.cat\/wp-content\/uploads\/2021\/03\/CATALEG-EMATSA_portada-400x566.jpg 400w, https:\/\/icac.cat\/wp-content\/uploads\/2021\/03\/CATALEG-EMATSA_portada-724x1024.jpg 724w, https:\/\/icac.cat\/wp-content\/uploads\/2021\/03\/CATALEG-EMATSA_portada.jpg 1240w\" sizes=\"(max-width: 400px) 100vw, 400px\" \/><\/a>Pod\u00e9is consultar la publicaci\u00f3n en abierto en este enlace y encontrar\u00e1n informaci\u00f3n detallada sobre la Mina de l&#8217;Arquebisbe (p. 36), la Fuente d&#8217;Armany\u00e0 (p. 104), la Fuente de la Pitxa (o de la Pixa) (p. 120), las Fuentes de la Plaza Santiago Rusi\u00f1ol (p. 122), las Fuentes de l&#8217;Oliva (p. 124) o el Pozo d&#8217;en Gomar (p. 148), entre otros elementos patriomoniales.<\/p>\n<p>&nbsp;<\/p>\n<p>&nbsp;<\/p>\n<p>&nbsp;<\/p>\n<p>&nbsp;<\/p>\n<p>&nbsp;<\/p>\n<p>&nbsp;<\/p>\n<p>&nbsp;<\/p>\n<p>&nbsp;<\/p>\n<p>&nbsp;<\/p>\n<hr \/>\n<h6>Sobre el Instituto Catal\u00e1n de Arqueolog\u00eda Cl\u00e1sica (ICAC-CERCA)<\/h6>\n<p>El\u00a0<a href=\"https:\/\/icac.cat\/es\/\" target=\"_blank\" rel=\"noopener\">Instituto Catal\u00e1n de Arqueolog\u00eda Cl\u00e1sica (ICAC-CERCA)<\/a>\u00a0es\u00a0<strong>un centro CERCA<\/strong>\u00a0creado como consorcio en 2003 por la Generalitat de Catalunya y la Universidad Rovira i Virgili. Es una instituci\u00f3n catalana con vocaci\u00f3n internacional, puntera en la investigaci\u00f3n y conservaci\u00f3n del patrimonio arqueol\u00f3gico. Tiene su sede en Tarragona, ciudad reconocida como Patrimonio Mundial por la UNESCO en el a\u00f1o 2000. Sus investigadores e investigadoras trabajan para comprender el pasado a trav\u00e9s del estudio de los restos arqueol\u00f3gicos y promover la preservaci\u00f3n del legado hist\u00f3rico. \u00a1Somos CERCA!<\/p>\n<p>Para m\u00e1s informaci\u00f3n, visitad el sitio web del ICAC en\u00a0<a href=\"http:\/\/www.icac.cat\/\" target=\"_new\" rel=\"noopener\">www.icac.cat<\/a>.<\/p>\n<p><a href=\"https:\/\/icac.cat\/wp-content\/uploads\/2022\/10\/CERCA-MARCA-A.jpg\"><img loading=\"lazy\" class=\"aligncenter size-medium wp-image-80280\" src=\"https:\/\/icac.cat\/wp-content\/uploads\/2022\/10\/CERCA-MARCA-A-400x157.jpg\" sizes=\"(max-width: 400px) 100vw, 400px\" srcset=\"https:\/\/icac.cat\/wp-content\/uploads\/2022\/10\/CERCA-MARCA-A-400x157.jpg 400w, https:\/\/icac.cat\/wp-content\/uploads\/2022\/10\/CERCA-MARCA-A-1024x401.jpg 1024w, https:\/\/icac.cat\/wp-content\/uploads\/2022\/10\/CERCA-MARCA-A-768x301.jpg 768w, https:\/\/icac.cat\/wp-content\/uploads\/2022\/10\/CERCA-MARCA-A-1536x602.jpg 1536w, https:\/\/icac.cat\/wp-content\/uploads\/2022\/10\/CERCA-MARCA-A.jpg 1830w\" alt=\"\" width=\"400\" height=\"157\" \/><\/a><\/p>\n<p>&nbsp;<\/p>\n","protected":false},"excerpt":{"rendered":"<p>EMATSA y la Biblioteca Hemeroteca Municipal de Tarragona organizaron una ruta guiada por la Mina de l&#8217;Arquebisbe (Tarragona), un sistema de canalizaci\u00f3n clave para el abastecimiento de agua de la ciudad de Tarragona y que se comenz\u00f3 a construir en el siglo XVIII. La caminata sigui\u00f3 un recorrido por los \u00faltimos kil\u00f3metros de la Mina [&hellip;]<\/p>\n","protected":false},"author":160,"featured_media":92260,"comment_status":"closed","ping_status":"closed","sticky":false,"template":"","format":"standard","meta":{"_genesis_hide_title":false,"_genesis_hide_breadcrumbs":false,"_genesis_hide_singular_image":false,"_genesis_hide_footer_widgets":false,"_genesis_custom_body_class":"","_genesis_custom_post_class":"","_genesis_layout":""},"categories":[329,343,332,337],"tags":[1002,814,976,813],"_links":{"self":[{"href":"https:\/\/icac.cat\/es\/wp-json\/wp\/v2\/posts\/92278"}],"collection":[{"href":"https:\/\/icac.cat\/es\/wp-json\/wp\/v2\/posts"}],"about":[{"href":"https:\/\/icac.cat\/es\/wp-json\/wp\/v2\/types\/post"}],"author":[{"embeddable":true,"href":"https:\/\/icac.cat\/es\/wp-json\/wp\/v2\/users\/160"}],"replies":[{"embeddable":true,"href":"https:\/\/icac.cat\/es\/wp-json\/wp\/v2\/comments?post=92278"}],"version-history":[{"count":1,"href":"https:\/\/icac.cat\/es\/wp-json\/wp\/v2\/posts\/92278\/revisions"}],"predecessor-version":[{"id":92281,"href":"https:\/\/icac.cat\/es\/wp-json\/wp\/v2\/posts\/92278\/revisions\/92281"}],"wp:featuredmedia":[{"embeddable":true,"href":"https:\/\/icac.cat\/es\/wp-json\/wp\/v2\/media\/92260"}],"wp:attachment":[{"href":"https:\/\/icac.cat\/es\/wp-json\/wp\/v2\/media?parent=92278"}],"wp:term":[{"taxonomy":"category","embeddable":true,"href":"https:\/\/icac.cat\/es\/wp-json\/wp\/v2\/categories?post=92278"},{"taxonomy":"post_tag","embeddable":true,"href":"https:\/\/icac.cat\/es\/wp-json\/wp\/v2\/tags?post=92278"}],"curies":[{"name":"wp","href":"https:\/\/api.w.org\/{rel}","templated":true}]}}