{"id":92830,"date":"2024-04-16T10:16:02","date_gmt":"2024-04-16T08:16:02","guid":{"rendered":"https:\/\/icac.cat\/?p=92830"},"modified":"2024-04-16T10:35:28","modified_gmt":"2024-04-16T08:35:28","slug":"xviii-curso-arqueologia-iesso","status":"publish","type":"post","link":"https:\/\/icac.cat\/es\/actualitat\/noticies\/2024\/xviii-curso-arqueologia-iesso\/","title":{"rendered":"XVIII Curso de Arqueolog\u00eda Ciudad Romana de Iesso en Guissona: \u00a1preinscripci\u00f3n abierta!"},"content":{"rendered":"<h6><span data-contrast=\"auto\">\u00a1Empieza el per\u00edodo de preinscripci\u00f3n para el XVIII Curso de Arqueologa Ciutat Romana de Iesso!<\/span><\/h6>\n<p><span data-contrast=\"auto\">Dos semanas de inmersi\u00f3n en el mundo de la arqueolog\u00eda cl\u00e1sica donde podr\u00e9is participar activamente en un proceso de excavaci\u00f3n de una ciudad romana.<\/span><\/p>\n<p><span data-contrast=\"auto\">Una oportunidad \u00fanica si eres estudiante de grado o de m\u00e1ster, pero tambi\u00e9n para persones interesadas en el mundo de la arqueolog\u00eda cl\u00e1sica.<\/span><\/p>\n<blockquote><p><span data-contrast=\"auto\">El programa del curso combina el trabajo de campo con visitas a yacimientos, pr\u00e1cticas de dibujo arqueol\u00f3gico, conferencias y otras actividades.<\/span><span data-ccp-props=\"{&quot;134233117&quot;:false,&quot;134233118&quot;:false,&quot;201341983&quot;:0,&quot;335551550&quot;:1,&quot;335551620&quot;:1,&quot;335559685&quot;:0,&quot;335559737&quot;:0,&quot;335559738&quot;:0,&quot;335559739&quot;:160,&quot;335559740&quot;:259}\">\u00a0<\/span><\/p><\/blockquote>\n<p><span data-contrast=\"auto\">\u00bfSab\u00edas que dos de las conferencias ser\u00e1n de <strong>Esther Gurri<\/strong> (Museo de Badalona) y <strong>N\u00e9stor F. Marqu\u00e9s<\/strong> (divulgador responsable, entre otros proyectos, de las cuentas @antigua_roma en redes sociales)? \u00a1No te lo pierdas!<\/span><\/p>\n<p><span data-contrast=\"auto\">Todo esto con la compa\u00f1\u00eda entra\u00f1able del c\u00e9lebre anfitri\u00f3n de Iesso, \u00a1el gato Cattus!<\/span><\/p>\n<h6><span data-contrast=\"auto\">Informaci\u00f3n pr\u00e1ctica:<\/span><\/h6>\n<div class=\"highlight-block\">\n<p><span data-contrast=\"auto\">Fechas del curso: del 1 al 12 de julio<\/span><span data-ccp-props=\"{&quot;134233117&quot;:false,&quot;134233118&quot;:false,&quot;201341983&quot;:0,&quot;335551550&quot;:1,&quot;335551620&quot;:1,&quot;335559685&quot;:0,&quot;335559737&quot;:0,&quot;335559738&quot;:0,&quot;335559739&quot;:160,&quot;335559740&quot;:259}\"> de 2024.<\/span><\/p>\n<p><span data-contrast=\"auto\">Precio: gratuito. \u00a1Plazas limitadas, haz ya la <a href=\"https:\/\/docs.google.com\/forms\/d\/e\/1FAIpQLSc_AxWe1eNOLTOaEXL7VHS2MBx9iLRzy-MM8tvMJ0WmlnvDjg\/viewform?pli=1\" target=\"_blank\" rel=\"noopener\"><strong>preinscripci\u00f3n<\/strong><\/a>!<\/span><\/p>\n<p><span data-contrast=\"none\">Plazo abierto hasta el <strong>19 de mayo.<\/strong><\/span><\/p>\n<p><span data-contrast=\"auto\">M\u00e1s informaci\u00f3n en la web del museo: <\/span><a href=\"http:\/\/www.museudeguissona.cat\/\"><span data-contrast=\"none\">www.museudeguissona.cat<\/span><\/a>.<span data-ccp-props=\"{&quot;134233117&quot;:false,&quot;134233118&quot;:false,&quot;201341983&quot;:0,&quot;335551550&quot;:1,&quot;335551620&quot;:1,&quot;335559685&quot;:0,&quot;335559737&quot;:0,&quot;335559738&quot;:0,&quot;335559739&quot;:160,&quot;335559740&quot;:259}\">\u00a0<\/span><\/p>\n<p>Consulta el <a href=\"https:\/\/drive.google.com\/file\/d\/1zmD4unyWe9EP8levNdYQNt-diFJWEEIL\/view\" target=\"_blank\" rel=\"noopener\">Programa del XVIII Curso de Arqueolog\u00eda Ciutat Romana de Iesso<\/a><\/p>\n<\/div>\n<p>&nbsp;<\/p>\n<p><strong>Curso organizado por el Museo de Guissona, la Universidad Aut\u00f3noma de Barcelona, el Ayuntamiento de Guissona, el Instituto Catal\u00e1n de Arqueolog\u00eda Cl\u00e1sica (ICAC-CERCA) y el Institut d&#8217;Estudis Catalans (IEC).<\/strong><\/p>\n<p>&nbsp;<\/p>\n<div data-carousel-extra='{\"blog_id\":1,\"permalink\":\"https:\\\/\\\/icac.cat\\\/es\\\/actualitat\\\/noticies\\\/2024\\\/xviii-curso-arqueologia-iesso\\\/\"}' class=\"tiled-gallery type-rectangular\" data-original-width=\"790\"><div class=\"gallery-row\" style=\"width: 785px; height: 389px;\"><div class=\"gallery-group images-1\" style=\"width: 393px; height: 393px;\"><div class=\"tiled-gallery-item tiled-gallery-item-large\"><a href=\"https:\/\/icac.cat\/wp-content\/uploads\/2024\/04\/XVIII-Curs-Guissona-2024_programa_p2.jpg\"><img data-attachment-id=\"92810\" data-orig-file=\"https:\/\/icac.cat\/wp-content\/uploads\/2024\/04\/XVIII-Curs-Guissona-2024_programa_p2.jpg\" data-orig-size=\"1688,1688\" data-comments-opened=\"0\" data-image-meta=\"{&quot;aperture&quot;:&quot;0&quot;,&quot;credit&quot;:&quot;&quot;,&quot;camera&quot;:&quot;&quot;,&quot;caption&quot;:&quot;&quot;,&quot;created_timestamp&quot;:&quot;0&quot;,&quot;copyright&quot;:&quot;&quot;,&quot;focal_length&quot;:&quot;0&quot;,&quot;iso&quot;:&quot;0&quot;,&quot;shutter_speed&quot;:&quot;0&quot;,&quot;title&quot;:&quot;&quot;,&quot;orientation&quot;:&quot;0&quot;}\" data-image-title=\"XVIII Curs Guissona (2024)_programa_p2\" data-image-description=\"\" data-medium-file=\"https:\/\/icac.cat\/wp-content\/uploads\/2024\/04\/XVIII-Curs-Guissona-2024_programa_p2-400x400.jpg\" data-large-file=\"https:\/\/icac.cat\/wp-content\/uploads\/2024\/04\/XVIII-Curs-Guissona-2024_programa_p2-1024x1024.jpg\" src=\"https:\/\/icac.cat\/wp-content\/uploads\/2024\/04\/XVIII-Curs-Guissona-2024_programa_p2-389x389.jpg\" width=\"389\" height=\"389\" align=\"left\" title=\"XVIII Curs Guissona (2024)_programa_p2\" \/><\/a><\/div><\/div><div class=\"gallery-group images-1\" style=\"width: 392px; height: 393px;\"><div class=\"tiled-gallery-item tiled-gallery-item-large\"><a href=\"https:\/\/icac.cat\/wp-content\/uploads\/2024\/04\/XVIII-Curs-Guissona-2024_programa_p3.jpg\"><img data-attachment-id=\"92813\" data-orig-file=\"https:\/\/icac.cat\/wp-content\/uploads\/2024\/04\/XVIII-Curs-Guissona-2024_programa_p3.jpg\" data-orig-size=\"1688,1688\" data-comments-opened=\"0\" data-image-meta=\"{&quot;aperture&quot;:&quot;0&quot;,&quot;credit&quot;:&quot;&quot;,&quot;camera&quot;:&quot;&quot;,&quot;caption&quot;:&quot;&quot;,&quot;created_timestamp&quot;:&quot;0&quot;,&quot;copyright&quot;:&quot;&quot;,&quot;focal_length&quot;:&quot;0&quot;,&quot;iso&quot;:&quot;0&quot;,&quot;shutter_speed&quot;:&quot;0&quot;,&quot;title&quot;:&quot;&quot;,&quot;orientation&quot;:&quot;0&quot;}\" data-image-title=\"XVIII Curs Guissona (2024)_programa_p3\" data-image-description=\"\" data-medium-file=\"https:\/\/icac.cat\/wp-content\/uploads\/2024\/04\/XVIII-Curs-Guissona-2024_programa_p3-400x400.jpg\" data-large-file=\"https:\/\/icac.cat\/wp-content\/uploads\/2024\/04\/XVIII-Curs-Guissona-2024_programa_p3-1024x1024.jpg\" src=\"https:\/\/icac.cat\/wp-content\/uploads\/2024\/04\/XVIII-Curs-Guissona-2024_programa_p3-388x389.jpg\" width=\"388\" height=\"389\" align=\"left\" title=\"XVIII Curs Guissona (2024)_programa_p3\" \/><\/a><\/div><\/div><\/div><\/div>\n","protected":false},"excerpt":{"rendered":"<p>\u00a1Empieza el per\u00edodo de preinscripci\u00f3n para el XVIII Curso de Arqueologa Ciutat Romana de Iesso! Dos semanas de inmersi\u00f3n en el mundo de la arqueolog\u00eda cl\u00e1sica donde podr\u00e9is participar activamente en un proceso de excavaci\u00f3n de una ciudad romana. Una oportunidad \u00fanica si eres estudiante de grado o de m\u00e1ster, pero tambi\u00e9n para persones interesadas [&hellip;]<\/p>\n","protected":false},"author":160,"featured_media":92826,"comment_status":"closed","ping_status":"closed","sticky":false,"template":"","format":"standard","meta":{"_genesis_hide_title":false,"_genesis_hide_breadcrumbs":false,"_genesis_hide_singular_image":false,"_genesis_hide_footer_widgets":false,"_genesis_custom_body_class":"","_genesis_custom_post_class":"","_genesis_layout":""},"categories":[329,331,335,343,332],"tags":[456,1048,825,976],"_links":{"self":[{"href":"https:\/\/icac.cat\/es\/wp-json\/wp\/v2\/posts\/92830"}],"collection":[{"href":"https:\/\/icac.cat\/es\/wp-json\/wp\/v2\/posts"}],"about":[{"href":"https:\/\/icac.cat\/es\/wp-json\/wp\/v2\/types\/post"}],"author":[{"embeddable":true,"href":"https:\/\/icac.cat\/es\/wp-json\/wp\/v2\/users\/160"}],"replies":[{"embeddable":true,"href":"https:\/\/icac.cat\/es\/wp-json\/wp\/v2\/comments?post=92830"}],"version-history":[{"count":2,"href":"https:\/\/icac.cat\/es\/wp-json\/wp\/v2\/posts\/92830\/revisions"}],"predecessor-version":[{"id":92843,"href":"https:\/\/icac.cat\/es\/wp-json\/wp\/v2\/posts\/92830\/revisions\/92843"}],"wp:featuredmedia":[{"embeddable":true,"href":"https:\/\/icac.cat\/es\/wp-json\/wp\/v2\/media\/92826"}],"wp:attachment":[{"href":"https:\/\/icac.cat\/es\/wp-json\/wp\/v2\/media?parent=92830"}],"wp:term":[{"taxonomy":"category","embeddable":true,"href":"https:\/\/icac.cat\/es\/wp-json\/wp\/v2\/categories?post=92830"},{"taxonomy":"post_tag","embeddable":true,"href":"https:\/\/icac.cat\/es\/wp-json\/wp\/v2\/tags?post=92830"}],"curies":[{"name":"wp","href":"https:\/\/api.w.org\/{rel}","templated":true}]}}