{"id":94085,"date":"2024-06-28T12:00:59","date_gmt":"2024-06-28T10:00:59","guid":{"rendered":"https:\/\/icac.cat\/?p=94085"},"modified":"2024-07-01T00:39:23","modified_gmt":"2024-06-30T22:39:23","slug":"valencia-la-vella-curso-arqueologia","status":"publish","type":"post","link":"https:\/\/icac.cat\/es\/actualitat\/noticies\/2024\/valencia-la-vella-curso-arqueologia\/","title":{"rendered":"Valencia \u00abla Vella\u00bb entra en una nueva fase de excavaciones con el VII Curso de Arqueolog\u00eda Cristiana y Visigoda"},"content":{"rendered":"<h6>La campa\u00f1a arqueol\u00f3gica en Valencia \u00abla Vella\u00bb llega a su punto \u00e1lgido con el VII Curso Pr\u00e1ctico de Arqueolog\u00eda Cristiana y Visigoda y una nueva edici\u00f3n del Ciclo de Conferencias.<\/h6>\n<p>El 28 de junio se cerr\u00f3 la primera parte de las excavaciones en el yacimiento de <strong><a href=\"https:\/\/icac.cat\/en\/recerca\/projectes-de-recerca\/projecte\/20942\/\" target=\"_blank\" rel=\"noopener\">Valencia \u00abla Vella\u00bb<\/a><\/strong>, que se han desarrollado del 17 al 28 de junio con la participaci\u00f3n de la empresa <a href=\"https:\/\/www.globalmediterranea.es\/\" target=\"_blank\" rel=\"noopener\">Global Mediterranea<\/a>, a quienes agradecemos su implicaci\u00f3n un a\u00f1o m\u00e1s en este yacimiento tan especial.<\/p>\n<p>Esta es la novena campa\u00f1a arqueol\u00f3gica que llevamos a cabo en el yacimiento de Valencia \u00abla Vella\u00bb, con el apoyo del <a href=\"http:\/\/www.ribarroja.es\/portal.portal.action\" target=\"_blank\" rel=\"noopener\">Ayuntamiento de Riba-roja de T\u00faria<\/a> y el <a href=\"https:\/\/www.dival.es\/es\/areadecultura\/content\/area-de-cultura\" target=\"_blank\" rel=\"noopener\">\u00c1rea de Cultura de la Diputaci\u00f3n de Valencia<\/a>.<\/p>\n<div class=\"destacat-entrevista dreta\">\n<div class=\"small-text\">\n<p>La novena campa\u00f1a arqueol\u00f3gica en Val\u00e8ncia \u00abla Vella\u00bb ha contado con la participaci\u00f3n de la NewCastle University.<\/p>\n<\/div>\n<\/div>\n<p>En esta fase, el equipo de Antig\u00fcedad Tard\u00eda y Arqueolog\u00eda Cristiana del grupo <a href=\"https:\/\/icac.cat\/recerca\/grups-de-recerca\/mirmed-giac\/\">MIRMED<\/a> se ha centrado en la apertura con m\u00e1quina de una gran parte del espacio cercano a la muralla, donde el a\u00f1o pasado aparecieron unas escaleras debido al desnivel existente en ese punto. Esto ha permitido identificar varios espacios cercanos a la muralla, con perspectivas prometedoras para la futura excavaci\u00f3n. Adem\u00e1s, la presencia de varios muros de decenas de metros de longitud y de posibles zonas de circulaci\u00f3n plantea interrogantes sobre la funcionalidad de esta zona: \u00bfmilitar, productiva o habitacional?<\/p>\n<p>&nbsp;<\/p>\n<p><img loading=\"lazy\" class=\"aligncenter wp-image-94058 size-large\" src=\"https:\/\/icac.cat\/wp-content\/uploads\/2024\/06\/Valencia-la-Vella_campanya-2024-6-1024x768.jpg\" alt=\"\" width=\"790\" height=\"593\" srcset=\"https:\/\/icac.cat\/wp-content\/uploads\/2024\/06\/Valencia-la-Vella_campanya-2024-6-1024x768.jpg 1024w, https:\/\/icac.cat\/wp-content\/uploads\/2024\/06\/Valencia-la-Vella_campanya-2024-6-400x300.jpg 400w, https:\/\/icac.cat\/wp-content\/uploads\/2024\/06\/Valencia-la-Vella_campanya-2024-6-768x576.jpg 768w, https:\/\/icac.cat\/wp-content\/uploads\/2024\/06\/Valencia-la-Vella_campanya-2024-6-1536x1152.jpg 1536w, https:\/\/icac.cat\/wp-content\/uploads\/2024\/06\/Valencia-la-Vella_campanya-2024-6.jpg 2048w\" sizes=\"(max-width: 790px) 100vw, 790px\" \/><\/p>\n<p>&nbsp;<\/p>\n<p>Muy cerca, se ha iniciado otro sondeo, donde se ha podido constatar un corte longitudinal de buena parte de la roca natural del lugar para nivelar el espacio, resultando en posibles terrazas bien definidas siguiendo la orograf\u00eda de la zona.<\/p>\n<p>En ambas zonas, <strong>el equipo ha documentado estructuras masivas de piedra asociadas a niveles arqueol\u00f3gicos con material paleoandalus\u00ed<\/strong> (siglos VIII-IX d. C.), que son de gran inter\u00e9s para la comprensi\u00f3n de lo que ocurri\u00f3 en Valencia \u00abla Vella\u00bb tras la ca\u00edda del Reino Visigodo.<\/p>\n<p>Los \u00faltimos d\u00edas de la campa\u00f1a, los esfuerzos se centraron en acondicionar el yacimiento con medios mec\u00e1nicos, retirando la tierra agr\u00edcola y marcando nuevos sondeos.<\/p>\n<div data-carousel-extra='{\"blog_id\":1,\"permalink\":\"https:\\\/\\\/icac.cat\\\/es\\\/actualitat\\\/noticies\\\/2024\\\/valencia-la-vella-curso-arqueologia\\\/\"}' class=\"tiled-gallery type-square\" data-original-width=\"790\"><div class=\"tiled-gallery-item\"><a border=\"0\" href=\"https:\/\/icac.cat\/es\/actualitat\/noticies\/2024\/valencia-la-vella-curso-arqueologia\/valencia-la-vella_campanya-2024-5-2\/\"><img data-attachment-id=\"94064\" data-orig-file=\"https:\/\/icac.cat\/wp-content\/uploads\/2024\/06\/Valencia-la-Vella_campanya-2024-5.jpg\" data-orig-size=\"1536,2048\" data-comments-opened=\"0\" data-image-meta=\"{&quot;aperture&quot;:&quot;0&quot;,&quot;credit&quot;:&quot;&quot;,&quot;camera&quot;:&quot;&quot;,&quot;caption&quot;:&quot;&quot;,&quot;created_timestamp&quot;:&quot;0&quot;,&quot;copyright&quot;:&quot;&quot;,&quot;focal_length&quot;:&quot;0&quot;,&quot;iso&quot;:&quot;0&quot;,&quot;shutter_speed&quot;:&quot;0&quot;,&quot;title&quot;:&quot;&quot;,&quot;orientation&quot;:&quot;0&quot;}\" data-image-title=\"Valencia la Vella_campanya 2024 (5)\" data-image-description=\"\" data-medium-file=\"https:\/\/icac.cat\/wp-content\/uploads\/2024\/06\/Valencia-la-Vella_campanya-2024-5-400x533.jpg\" data-large-file=\"https:\/\/icac.cat\/wp-content\/uploads\/2024\/06\/Valencia-la-Vella_campanya-2024-5-768x1024.jpg\" style=\"margin: 2px\" src=\"https:\/\/icac.cat\/wp-content\/uploads\/2024\/06\/Valencia-la-Vella_campanya-2024-5-390x390.jpg\" width=390 height=390 title=\"Valencia la Vella_campanya 2024 (5)\" \/><\/a><\/div><div class=\"tiled-gallery-item\"><a border=\"0\" href=\"https:\/\/icac.cat\/es\/actualitat\/noticies\/2024\/valencia-la-vella-curso-arqueologia\/valencia-la-vella_campanya-2024-4-2\/\"><img data-attachment-id=\"94067\" data-orig-file=\"https:\/\/icac.cat\/wp-content\/uploads\/2024\/06\/Valencia-la-Vella_campanya-2024-4.jpg\" data-orig-size=\"1536,2048\" data-comments-opened=\"0\" data-image-meta=\"{&quot;aperture&quot;:&quot;0&quot;,&quot;credit&quot;:&quot;&quot;,&quot;camera&quot;:&quot;&quot;,&quot;caption&quot;:&quot;&quot;,&quot;created_timestamp&quot;:&quot;0&quot;,&quot;copyright&quot;:&quot;&quot;,&quot;focal_length&quot;:&quot;0&quot;,&quot;iso&quot;:&quot;0&quot;,&quot;shutter_speed&quot;:&quot;0&quot;,&quot;title&quot;:&quot;&quot;,&quot;orientation&quot;:&quot;0&quot;}\" data-image-title=\"Valencia la Vella_campanya 2024 (4)\" data-image-description=\"\" data-medium-file=\"https:\/\/icac.cat\/wp-content\/uploads\/2024\/06\/Valencia-la-Vella_campanya-2024-4-400x533.jpg\" data-large-file=\"https:\/\/icac.cat\/wp-content\/uploads\/2024\/06\/Valencia-la-Vella_campanya-2024-4-768x1024.jpg\" style=\"margin: 2px\" src=\"https:\/\/icac.cat\/wp-content\/uploads\/2024\/06\/Valencia-la-Vella_campanya-2024-4-390x390.jpg\" width=390 height=390 title=\"Valencia la Vella_campanya 2024 (4)\" \/><\/a><\/div><\/div>\n<p>&nbsp;<\/p>\n<p>El equipo ha centrado la excavaci\u00f3n en un sector que el a\u00f1o pasado hab\u00eda proporcionado muy buenos resultados: el <strong>sector 6100<\/strong>, muy cercano a la muralla datada del siglo VI d. C., donde el a\u00f1o pasado se comenzaron a documentar muros y una escalera.<\/p>\n<blockquote><p>Uno de los objetivos de estas dos semanas de campa\u00f1a ha sido conocer mejor las relaciones estratigr\u00e1ficas de esta zona con la muralla, as\u00ed como la funcionalidad de las estructuras.<\/p><\/blockquote>\n<div class=\"highlight-block\">\n<p>Del 1 al 19 de julio, Val\u00e8ncia \u00abla Vella\u00bb acoger\u00e1 la VII edici\u00f3n del Curso de Arqueolog\u00eda Cristiana y Visigoda (Riba-roja de T\u00faria, Valencia). Participar\u00e1n doce alumnos, tres de los cuales son estudiantes de la Universidad de Valencia.<\/p>\n<\/div>\n<p>El curso de arqueolog\u00eda de Valencia \u00abla Vella\u00bb est\u00e1 dirigido a estudiantes de grado o m\u00e1ster de historia, arqueolog\u00eda o estudios afines. Durante el curso, se alternar\u00e1n tareas de excavaci\u00f3n, clasificaci\u00f3n de materiales, talleres, conferencias y visitas a yacimientos tardoantiguos de la zona.<\/p>\n<div data-carousel-extra='{\"blog_id\":1,\"permalink\":\"https:\\\/\\\/icac.cat\\\/es\\\/actualitat\\\/noticies\\\/2024\\\/valencia-la-vella-curso-arqueologia\\\/\"}' class=\"tiled-gallery type-square\" data-original-width=\"790\"><div class=\"tiled-gallery-item\"><a border=\"0\" href=\"https:\/\/icac.cat\/es\/actualitat\/noticies\/2024\/valencia-la-vella-curso-arqueologia\/valencia-la-vella_campanya-2024-8-2\/\"><img data-attachment-id=\"94071\" data-orig-file=\"https:\/\/icac.cat\/wp-content\/uploads\/2024\/06\/Valencia-la-Vella_campanya-2024-8.jpg\" data-orig-size=\"1137,1221\" data-comments-opened=\"0\" data-image-meta=\"{&quot;aperture&quot;:&quot;0&quot;,&quot;credit&quot;:&quot;&quot;,&quot;camera&quot;:&quot;&quot;,&quot;caption&quot;:&quot;&quot;,&quot;created_timestamp&quot;:&quot;0&quot;,&quot;copyright&quot;:&quot;&quot;,&quot;focal_length&quot;:&quot;0&quot;,&quot;iso&quot;:&quot;0&quot;,&quot;shutter_speed&quot;:&quot;0&quot;,&quot;title&quot;:&quot;&quot;,&quot;orientation&quot;:&quot;0&quot;}\" data-image-title=\"Valencia la Vella_campanya 2024 (8)\" data-image-description=\"\" data-medium-file=\"https:\/\/icac.cat\/wp-content\/uploads\/2024\/06\/Valencia-la-Vella_campanya-2024-8-400x430.jpg\" data-large-file=\"https:\/\/icac.cat\/wp-content\/uploads\/2024\/06\/Valencia-la-Vella_campanya-2024-8-954x1024.jpg\" style=\"margin: 2px\" src=\"https:\/\/icac.cat\/wp-content\/uploads\/2024\/06\/Valencia-la-Vella_campanya-2024-8-390x390.jpg\" width=390 height=390 title=\"Valencia la Vella_campanya 2024 (8)\" \/><\/a><\/div><div class=\"tiled-gallery-item\"><a border=\"0\" href=\"https:\/\/icac.cat\/es\/actualitat\/noticies\/2024\/valencia-la-vella-curso-arqueologia\/valencia-la-vella_campanya-2024-9-2\/\"><img data-attachment-id=\"94074\" data-orig-file=\"https:\/\/icac.cat\/wp-content\/uploads\/2024\/06\/Valencia-la-Vella_campanya-2024-9.jpg\" data-orig-size=\"1536,2048\" data-comments-opened=\"0\" data-image-meta=\"{&quot;aperture&quot;:&quot;0&quot;,&quot;credit&quot;:&quot;&quot;,&quot;camera&quot;:&quot;&quot;,&quot;caption&quot;:&quot;&quot;,&quot;created_timestamp&quot;:&quot;0&quot;,&quot;copyright&quot;:&quot;&quot;,&quot;focal_length&quot;:&quot;0&quot;,&quot;iso&quot;:&quot;0&quot;,&quot;shutter_speed&quot;:&quot;0&quot;,&quot;title&quot;:&quot;&quot;,&quot;orientation&quot;:&quot;0&quot;}\" data-image-title=\"Valencia la Vella_campanya 2024 (9)\" data-image-description=\"\" data-medium-file=\"https:\/\/icac.cat\/wp-content\/uploads\/2024\/06\/Valencia-la-Vella_campanya-2024-9-400x533.jpg\" data-large-file=\"https:\/\/icac.cat\/wp-content\/uploads\/2024\/06\/Valencia-la-Vella_campanya-2024-9-768x1024.jpg\" style=\"margin: 2px\" src=\"https:\/\/icac.cat\/wp-content\/uploads\/2024\/06\/Valencia-la-Vella_campanya-2024-9-390x390.jpg\" width=390 height=390 title=\"Valencia la Vella_campanya 2024 (9)\" \/><\/a><\/div><\/div>\n<p>&nbsp;<\/p>\n<p>Estos d\u00edas tambi\u00e9n tendr\u00e1 lugar una <strong>nueva edici\u00f3n del Ciclo de Conferencias<\/strong> que el ICAC-CERCA y el Ayuntamiento de Riba-roja de T\u00faria organizan en el marco del VII Curso de Arqueolog\u00eda Cristiana y Visigoda de Val\u00e8ncia \u00abla Vella\u00bb. Del 2 al 18 de julio, el ciclo contar\u00e1 con charlas muy interesantes sobre temas variados, impartidas por expertos y expertas del mundo tardoantiguo.<\/p>\n<p>Las conferencias son abiertas a todo el p\u00fablico interesado y se celebrar\u00e1n en la Sala de exposiciones El Mol\u00ed (Castillo de Riba-roja de T\u00faria) de Riba-roja de T\u00faria. \u00a1Acceso libre! Pod\u00e9is consultar la programaci\u00f3n en este cartel y en la <a href=\"https:\/\/icac.cat\/difusio\/activitats-de-licac\/agenda\/cicle-conferencies-valencia-la-vella\/\">agenda del ICAC-CERCA<\/a>.<\/p>\n<p><img loading=\"lazy\" class=\"aligncenter wp-image-94048 size-large\" src=\"https:\/\/icac.cat\/wp-content\/uploads\/2024\/06\/Cicle-Conferencies-Valencia-la-Vella-2024_cartell-programacio-724x1024.jpg\" alt=\"\" width=\"724\" height=\"1024\" srcset=\"https:\/\/icac.cat\/wp-content\/uploads\/2024\/06\/Cicle-Conferencies-Valencia-la-Vella-2024_cartell-programacio-724x1024.jpg 724w, https:\/\/icac.cat\/wp-content\/uploads\/2024\/06\/Cicle-Conferencies-Valencia-la-Vella-2024_cartell-programacio-400x566.jpg 400w, https:\/\/icac.cat\/wp-content\/uploads\/2024\/06\/Cicle-Conferencies-Valencia-la-Vella-2024_cartell-programacio-768x1086.jpg 768w, https:\/\/icac.cat\/wp-content\/uploads\/2024\/06\/Cicle-Conferencies-Valencia-la-Vella-2024_cartell-programacio-1086x1536.jpg 1086w, https:\/\/icac.cat\/wp-content\/uploads\/2024\/06\/Cicle-Conferencies-Valencia-la-Vella-2024_cartell-programacio-1448x2048.jpg 1448w, https:\/\/icac.cat\/wp-content\/uploads\/2024\/06\/Cicle-Conferencies-Valencia-la-Vella-2024_cartell-programacio-scaled.jpg 1810w\" sizes=\"(max-width: 724px) 100vw, 724px\" \/><\/p>\n<p>&nbsp;<\/p>\n<div class=\"highlight-block\">\n<p>Finalmente, la campa\u00f1a arqueol\u00f3gica y las actividades vinculadas al Curso de Arqueolog\u00eda Cristiana y Visigoda en Val\u00e8ncia \u00abla Vella\u00bb nos han animado a organizar una nueva <strong>jornada de puertas abiertas en el yacimiento el d\u00eda 17 de julio<\/strong>. Si quer\u00e9is asistir, <a href=\"https:\/\/www.ribarojadeturiaturismo.com\/rt\/web_php\/index.php?contenido=esdev&amp;idEsdev=751\" target=\"_blank\" rel=\"noopener\">deb\u00e9is inscribiros en la p\u00e1gina web de Turismo de Riba-roja de T\u00faria<\/a>. \u00a1Os esperamos!<\/p>\n<\/div>\n<p>&nbsp;<\/p>\n<p>Sigue la actividad de la campa\u00f1a arqueol\u00f3gica en las<a href=\"https:\/\/www.instagram.com\/valencialavellaarq\/\" target=\"_blank\" rel=\"noopener\"> redes de Valencia \u00abla Vella\u00bb<\/a>!<\/p>\n<blockquote class=\"instagram-media\" style=\"background: #FFF; border: 0; border-radius: 3px; box-shadow: 0 0 1px 0 rgba(0,0,0,0.5),0 1px 10px 0 rgba(0,0,0,0.15); margin: 1px; max-width: 540px; min-width: 326px; padding: 0; width: calc(100% - 2px);\" data-instgrm-captioned=\"\" data-instgrm-permalink=\"https:\/\/www.instagram.com\/p\/C8ex6DttZ_u\/?utm_source=ig_embed&amp;utm_campaign=loading\" data-instgrm-version=\"14\">\n<div style=\"padding: 16px;\">\n<p>&nbsp;<\/p>\n<div style=\"display: flex; flex-direction: row; align-items: center;\">\n<div style=\"background-color: #f4f4f4; border-radius: 50%; flex-grow: 0; height: 40px; margin-right: 14px; width: 40px;\"><\/div>\n<div style=\"display: flex; flex-direction: column; flex-grow: 1; justify-content: center;\">\n<div style=\"background-color: #f4f4f4; border-radius: 4px; flex-grow: 0; height: 14px; margin-bottom: 6px; width: 100px;\"><\/div>\n<div style=\"background-color: #f4f4f4; border-radius: 4px; flex-grow: 0; height: 14px; width: 60px;\"><\/div>\n<\/div>\n<\/div>\n<div style=\"padding: 19% 0;\"><\/div>\n<div style=\"display: block; height: 50px; margin: 0 auto 12px; width: 50px;\"><\/div>\n<div style=\"padding-top: 8px;\">\n<div style=\"color: #3897f0; font-family: Arial,sans-serif; font-size: 14px; font-style: normal; font-weight: 550; line-height: 18px;\">View this post on Instagram<\/div>\n<\/div>\n<div style=\"padding: 12.5% 0;\"><\/div>\n<div style=\"display: flex; flex-direction: row; margin-bottom: 14px; align-items: center;\">\n<div>\n<div style=\"background-color: #f4f4f4; border-radius: 50%; height: 12.5px; width: 12.5px; transform: translateX(0px) translateY(7px);\"><\/div>\n<div style=\"background-color: #f4f4f4; height: 12.5px; transform: rotate(-45deg) translateX(3px) translateY(1px); width: 12.5px; flex-grow: 0; margin-right: 14px; margin-left: 2px;\"><\/div>\n<div style=\"background-color: #f4f4f4; border-radius: 50%; height: 12.5px; width: 12.5px; transform: translateX(9px) translateY(-18px);\"><\/div>\n<\/div>\n<div style=\"margin-left: 8px;\">\n<div style=\"background-color: #f4f4f4; border-radius: 50%; flex-grow: 0; height: 20px; width: 20px;\"><\/div>\n<div style=\"width: 0; height: 0; border-top: 2px solid transparent; border-left: 6px solid #f4f4f4; border-bottom: 2px solid transparent; transform: translateX(16px) translateY(-4px) rotate(30deg);\"><\/div>\n<\/div>\n<div style=\"margin-left: auto;\">\n<div style=\"width: 0px; border-top: 8px solid #F4F4F4; border-right: 8px solid transparent; transform: translateY(16px);\"><\/div>\n<div style=\"background-color: #f4f4f4; flex-grow: 0; height: 12px; width: 16px; transform: translateY(-4px);\"><\/div>\n<div style=\"width: 0; height: 0; border-top: 8px solid #F4F4F4; border-left: 8px solid transparent; transform: translateY(-4px) translateX(8px);\"><\/div>\n<\/div>\n<\/div>\n<div style=\"display: flex; flex-direction: column; flex-grow: 1; justify-content: center; margin-bottom: 24px;\">\n<div style=\"background-color: #f4f4f4; border-radius: 4px; flex-grow: 0; height: 14px; margin-bottom: 6px; width: 224px;\"><\/div>\n<div style=\"background-color: #f4f4f4; border-radius: 4px; flex-grow: 0; height: 14px; width: 144px;\"><\/div>\n<\/div>\n<p>&nbsp;<\/p>\n<p style=\"color: #c9c8cd; font-family: Arial,sans-serif; font-size: 14px; line-height: 17px; margin-bottom: 0; margin-top: 8px; overflow: hidden; padding: 8px 0 7px; text-align: center; text-overflow: ellipsis; white-space: nowrap;\"><a style=\"color: #c9c8cd; font-family: Arial,sans-serif; font-size: 14px; font-style: normal; font-weight: normal; line-height: 17px; text-decoration: none;\" href=\"https:\/\/www.instagram.com\/p\/C8ex6DttZ_u\/?utm_source=ig_embed&amp;utm_campaign=loading\" target=\"_blank\" rel=\"noopener\">A post shared by Val\u00e8ncia la Vella (@valencialavellaarq)<\/a><\/p>\n<\/div>\n<\/blockquote>\n<p><script async src=\"\/\/www.instagram.com\/embed.js\"><\/script><\/p>\n<p>&nbsp;<\/p>\n<div id=\"x_x_x_Signature\">\n<hr \/>\n<h6>Sobre el Instituto Catal\u00e1n de Arqueolog\u00eda Cl\u00e1sica (ICAC-CERCA)<\/h6>\n<p>El\u00a0<a href=\"https:\/\/icac.cat\/es\/\" target=\"_blank\" rel=\"noopener\">Instituto Catal\u00e1n de Arqueolog\u00eda Cl\u00e1sica (ICAC-CERCA)<\/a>\u00a0es\u00a0<strong>un centro CERCA<\/strong>\u00a0creado como consorcio en 2003 por la Generalitat de Catalunya y la Universidad Rovira i Virgili. Es una instituci\u00f3n catalana con vocaci\u00f3n internacional, puntera en la investigaci\u00f3n y conservaci\u00f3n del patrimonio arqueol\u00f3gico. Tiene su sede en Tarragona, ciudad reconocida como Patrimonio Mundial por la UNESCO en el a\u00f1o 2000. Sus investigadores e investigadoras trabajan para comprender el pasado a trav\u00e9s del estudio de los restos arqueol\u00f3gicos y promover la preservaci\u00f3n del legado hist\u00f3rico. \u00a1Somos CERCA!<\/p>\n<p>Para m\u00e1s informaci\u00f3n, visitad el sitio web del ICAC en\u00a0<a href=\"http:\/\/www.icac.cat\/\" target=\"_new\" rel=\"noopener\">www.icac.cat<\/a>.<\/p>\n<p><img loading=\"lazy\" class=\"aligncenter size-medium wp-image-80280\" src=\"https:\/\/icac.cat\/wp-content\/uploads\/2022\/10\/CERCA-MARCA-A-400x157.jpg\" sizes=\"(max-width: 400px) 100vw, 400px\" srcset=\"https:\/\/icac.cat\/wp-content\/uploads\/2022\/10\/CERCA-MARCA-A-400x157.jpg 400w, https:\/\/icac.cat\/wp-content\/uploads\/2022\/10\/CERCA-MARCA-A-1024x401.jpg 1024w, https:\/\/icac.cat\/wp-content\/uploads\/2022\/10\/CERCA-MARCA-A-768x301.jpg 768w, https:\/\/icac.cat\/wp-content\/uploads\/2022\/10\/CERCA-MARCA-A-1536x602.jpg 1536w, https:\/\/icac.cat\/wp-content\/uploads\/2022\/10\/CERCA-MARCA-A.jpg 1830w\" alt=\"\" width=\"400\" height=\"157\" \/><\/p>\n<\/div>\n<p>&nbsp;<\/p>\n<p>&nbsp;<\/p>\n","protected":false},"excerpt":{"rendered":"<p>La campa\u00f1a arqueol\u00f3gica en Valencia \u00abla Vella\u00bb llega a su punto \u00e1lgido con el VII Curso Pr\u00e1ctico de Arqueolog\u00eda Cristiana y Visigoda y una nueva edici\u00f3n del Ciclo de Conferencias. El 28 de junio se cerr\u00f3 la primera parte de las excavaciones en el yacimiento de Valencia \u00abla Vella\u00bb, que se han desarrollado del 17 [&hellip;]<\/p>\n","protected":false},"author":160,"featured_media":94056,"comment_status":"closed","ping_status":"closed","sticky":false,"template":"","format":"standard","meta":{"_genesis_hide_title":false,"_genesis_hide_breadcrumbs":false,"_genesis_hide_singular_image":false,"_genesis_hide_footer_widgets":false,"_genesis_custom_body_class":"","_genesis_custom_post_class":"","_genesis_layout":""},"categories":[329,335,343,332,337],"tags":[1104,763,872,976,871],"_links":{"self":[{"href":"https:\/\/icac.cat\/es\/wp-json\/wp\/v2\/posts\/94085"}],"collection":[{"href":"https:\/\/icac.cat\/es\/wp-json\/wp\/v2\/posts"}],"about":[{"href":"https:\/\/icac.cat\/es\/wp-json\/wp\/v2\/types\/post"}],"author":[{"embeddable":true,"href":"https:\/\/icac.cat\/es\/wp-json\/wp\/v2\/users\/160"}],"replies":[{"embeddable":true,"href":"https:\/\/icac.cat\/es\/wp-json\/wp\/v2\/comments?post=94085"}],"version-history":[{"count":2,"href":"https:\/\/icac.cat\/es\/wp-json\/wp\/v2\/posts\/94085\/revisions"}],"predecessor-version":[{"id":94093,"href":"https:\/\/icac.cat\/es\/wp-json\/wp\/v2\/posts\/94085\/revisions\/94093"}],"wp:featuredmedia":[{"embeddable":true,"href":"https:\/\/icac.cat\/es\/wp-json\/wp\/v2\/media\/94056"}],"wp:attachment":[{"href":"https:\/\/icac.cat\/es\/wp-json\/wp\/v2\/media?parent=94085"}],"wp:term":[{"taxonomy":"category","embeddable":true,"href":"https:\/\/icac.cat\/es\/wp-json\/wp\/v2\/categories?post=94085"},{"taxonomy":"post_tag","embeddable":true,"href":"https:\/\/icac.cat\/es\/wp-json\/wp\/v2\/tags?post=94085"}],"curies":[{"name":"wp","href":"https:\/\/api.w.org\/{rel}","templated":true}]}}