{"id":96310,"date":"2024-10-28T12:00:06","date_gmt":"2024-10-28T11:00:06","guid":{"rendered":"https:\/\/icac.cat\/?p=96310"},"modified":"2024-11-07T15:54:14","modified_gmt":"2024-11-07T14:54:14","slug":"seminario-mirmed-estructuras-productivas-villae-tarragona","status":"publish","type":"post","link":"https:\/\/icac.cat\/es\/actualitat\/noticies\/2024\/seminario-mirmed-estructuras-productivas-villae-tarragona\/","title":{"rendered":"Seminario sobre las estructuras productivas en \u00abvillae\u00bb de Tarragona: nuevos estudios y perspectivas"},"content":{"rendered":"<p>El viernes 8 de noviembre, en el ICAC, tendr\u00e1 lugar el seminario \u201cNovedades sobre las estructuras productivas en <em>uillae<\/em> del Camp de Tarragona\u201d, una jornada de debate y presentaci\u00f3n de estudios recientes sobre los espacios productivos de diversas villas de \u00e9poca romana.<\/p>\n<p>La sesi\u00f3n, que se podr\u00e1 seguir <strong>tambi\u00e9n <a href=\"https:\/\/bit.ly\/seminariMIRMED\" target=\"_blank\" rel=\"noopener\">en l\u00ednea v\u00eda Teams<\/a><\/strong>, ha sido organizada por dos investigadores del grupo MIRMED: el Dr. <a href=\"https:\/\/icac.cat\/qui-som\/personal\/frodriguez\/\">Francesc Rodr\u00edguez<\/a>, especialista en arqueolog\u00eda de la ciudad romana de <em>Tarraco<\/em> y arquitectura tardorromana y visigoda, y <a href=\"https:\/\/icac.cat\/qui-som\/personal\/mrueda\/\">Maria Rueda<\/a>, investigadora predoctoral con inter\u00e9s en la producci\u00f3n, uso y difusi\u00f3n de <em>dolia<\/em> en \u00e9poca romana y en el territorio de la <em>Hispania Citerior<\/em>.<\/p>\n<div class=\"destacat-entrevista dreta\">\n<div class=\"small-text\">\n<p>Entre los temas de la jornada, se explorar\u00e1n el papel de las <em>villae<\/em> como centros de producci\u00f3n, as\u00ed como los aspectos t\u00e9cnicos y sociales de esta actividad productiva.<\/p>\n<\/div>\n<\/div>\n<p>El seminario ser\u00e1 una oportunidad para profundizar en los descubrimientos recientes y en las interpretaciones sobre estructuras productivas como las prensas y las bodegas, pero tambi\u00e9n en elementos espec\u00edficos como los <em>dolia<\/em> estudiados por <a href=\"https:\/\/icac.cat\/qui-som\/personal\/mrueda\/\">Maria Rueda<\/a>, que revelan informaci\u00f3n clave sobre los m\u00e9todos de producci\u00f3n y la capacidad de las <em>villae<\/em> romanas como centros de almacenamiento de vino. En concreto, las investigaciones en Mas dels Frares y otros yacimientos similares permiten desentra\u00f1ar mejor la organizaci\u00f3n de la producci\u00f3n vitivin\u00edcola en el territorio, especialmente en el <em>Ager Tarraconensis<\/em>.<\/p>\n<p>Se discutir\u00e1, tambi\u00e9n, la productividad de las <em>uillae<\/em> en el Camp de Tarragona y se abordar\u00e1n las problem\u00e1ticas espec\u00edficas de las estructuras productivas de \u00e9poca ib\u00e9rica y de conquista romana (como las <em>cellae<\/em> o las prensas), con intervenciones de miembros del MIRMED y de expertos de otras instituciones. La jornada servir\u00e1 para poner en com\u00fan los diferentes proyectos de investigaci\u00f3n y las perspectivas metodol\u00f3gicas para analizar la econom\u00eda rural romana e ib\u00e9rica.<\/p>\n<p>Adem\u00e1s de las intervenciones de investigadores e investigadoras del grupo de investigaci\u00f3n MIRMED del ICAC, tambi\u00e9n habr\u00e1 participaciones externas, como la del arque\u00f3logo Dr. <a href=\"https:\/\/dialnet.unirioja.es\/servlet\/autor?codigo=1231879\" target=\"_blank\" rel=\"noopener\">Antoni Mart\u00edn Oliveras<\/a> (CEIPAC-UB), que abrir\u00e1 la sesi\u00f3n con una ponencia inaugural.<\/p>\n<p>Este evento refleja la tarea colaborativa entre los diferentes equipos de investigaci\u00f3n del grupo MIRMED en la investigaci\u00f3n de las estructuras productivas romanas e ib\u00e9ricas, y ofrece una visi\u00f3n integrada de los diferentes proyectos y l\u00edneas de investigaci\u00f3n actuales.<\/p>\n<p>&nbsp;<\/p>\n<h6><span data-contrast=\"auto\"><a href=\"https:\/\/icac.cat\/wp-content\/uploads\/2024\/10\/Seminari-MIRMED_estructures-productives-villae_PROGRAMA_v2.pdf\" target=\"_blank\" rel=\"noopener\">Programa<\/a>:<\/span><span data-ccp-props=\"{&quot;201341983&quot;:0,&quot;335551550&quot;:6,&quot;335551620&quot;:6,&quot;335559739&quot;:160,&quot;335559740&quot;:259}\">\u00a0<\/span><\/h6>\n<ul>\n<li><span data-contrast=\"auto\">09.00 h. Inauguraci\u00f3n<\/span><\/li>\n<li><span data-contrast=\"auto\">09.15 h. Conferencia inaugural<\/span><span data-contrast=\"auto\">: \u00abEstructures productives vitivin\u00edcoles d&#8217;\u00e8poca romana a <i>Hispania Citerior Tarraconensis<\/i>: avantatges comparatius i c\u00e0lcul de rendiments\u00bb, Antoni Mart\u00edn (CEIPAC-UB \u2013 Proyecto <em>Cella Vinaria<\/em>)<\/span><span data-ccp-props=\"{&quot;201341983&quot;:0,&quot;335551550&quot;:6,&quot;335551620&quot;:6,&quot;335559739&quot;:160,&quot;335559740&quot;:259}\">\u00a0<\/span><\/li>\n<li><span data-contrast=\"auto\">10.00 h. \u201c<\/span><i><span data-contrast=\"auto\">Dolia\u00a0<\/span><\/i><span data-contrast=\"auto\">vin\u00edcoles al Camp de Tarragona: capacitats,\u00a0<\/span><i><span data-contrast=\"auto\">cellae\u00a0<\/span><\/i><span data-contrast=\"auto\">i productivitat\u201d,\u00a0<a href=\"https:\/\/icac.cat\/qui-som\/personal\/mrueda\/\">Maria Rueda<\/a>\u00a0(ICAC).<\/span><\/li>\n<li><span data-contrast=\"auto\">10.30 h. Debate<\/span><span data-ccp-props=\"{&quot;201341983&quot;:0,&quot;335551550&quot;:6,&quot;335551620&quot;:6,&quot;335559739&quot;:160,&quot;335559740&quot;:259}\">\u00a0<\/span><\/li>\n<li><span data-contrast=\"auto\">11.00 h. \u201cEls espais productius de la vil\u00b7la romana de Mas dels Frares i el centre productor vitivin\u00edcola de Mas d\u2019en Bosc (Constant\u00ed, <\/span><i><span data-contrast=\"auto\">Ager Tarraconensis<\/span><\/i><span data-contrast=\"auto\">)\u201d,\u00a0<a href=\"https:\/\/icac.cat\/qui-som\/personal\/frodriguez\/\">Francesc Rodr\u00edguez<\/a> y Lluna Magarolas (ICAC) <\/span><span data-ccp-props=\"{&quot;201341983&quot;:0,&quot;335551550&quot;:6,&quot;335551620&quot;:6,&quot;335559739&quot;:160,&quot;335559740&quot;:259}\">\u00a0<\/span><\/li>\n<li><span data-contrast=\"auto\">11.30 h. \u201cL\u2019estudi de les estructures i espais productius vitivin\u00edcoles d\u2019\u00e8poca ib\u00e8rica i de conquesta (segles VI \u2013 I aC). Problem\u00e0tiques i propostes de funcionament\u201d, <a href=\"https:\/\/icac.cat\/qui-som\/personal\/acorrales\/\">Antoni Corrales<\/a>\u00a0(ICAC)<\/span><span data-ccp-props=\"{&quot;201341983&quot;:0,&quot;335551550&quot;:6,&quot;335551620&quot;:6,&quot;335559739&quot;:160,&quot;335559740&quot;:259}\">\u00a0<\/span><\/li>\n<li><span data-contrast=\"auto\">12.00 h. Pausa &#8211; Minuto de silencio en solidaridad con las v\u00edctimas de la DANA<\/span><span data-ccp-props=\"{&quot;201341983&quot;:0,&quot;335551550&quot;:6,&quot;335551620&quot;:6,&quot;335559739&quot;:160,&quot;335559740&quot;:259}\">\u00a0<\/span><\/li>\n<li><span data-contrast=\"auto\">12.15 h. \u201cEspais de cultius i \u00e0rees de producci\u00f3 vitivin\u00edcoles al Camp de Tarragona: els casos de les <\/span><i><span data-contrast=\"auto\">villae\u00a0<\/span><\/i><span data-contrast=\"auto\">dels Castellets i Vilardida\u201d, Jordi Morera y Adri\u00e0 Cubo (Arque\u00f2legs.cat) <\/span><span data-ccp-props=\"{&quot;201341983&quot;:0,&quot;335551550&quot;:6,&quot;335551620&quot;:6,&quot;335559739&quot;:160,&quot;335559740&quot;:259}\">\u00a0<\/span><\/li>\n<li><span data-contrast=\"auto\">12.45 h. Debate<\/span><span data-ccp-props=\"{&quot;201341983&quot;:0,&quot;335551550&quot;:6,&quot;335551620&quot;:6,&quot;335559739&quot;:160,&quot;335559740&quot;:259}\">\u00a0<\/span><\/li>\n<li><span data-contrast=\"auto\">13.15 h. Clausura<\/span><\/li>\n<\/ul>\n<p>&nbsp;<\/p>\n<p><strong>Detalles de conexi\u00f3n: <\/strong><\/p>\n<div class=\"highlight-block\">\n<p>Seguid las presentaciones del seminario por Teams, en abierto (sin registro previo) en este enlace: <a href=\"https:\/\/bit.ly\/seminariMIRMED\" target=\"_blank\" rel=\"noopener\"><strong>https:\/\/bit.ly\/seminariMIRMED<\/strong><\/a><\/p>\n<\/div>\n<div data-carousel-extra='{\"blog_id\":1,\"permalink\":\"https:\\\/\\\/icac.cat\\\/es\\\/actualitat\\\/noticies\\\/2024\\\/seminario-mirmed-estructuras-productivas-villae-tarragona\\\/\"}' class=\"tiled-gallery type-rectangular\" data-original-width=\"790\"><div class=\"gallery-row\" style=\"width: 785px; height: 364px;\"><div class=\"gallery-group images-1\" style=\"width: 262px; height: 368px;\"><div class=\"tiled-gallery-item tiled-gallery-item-large\"><a href=\"https:\/\/icac.cat\/es\/difusio\/activitats-de-licac\/agenda\/seminari-mirmed-estructures-productives-villae-tarragona\/seminari-mirmed_estructures-productives-villae_programa_pagina_1-2\/\"><img data-attachment-id=\"96290\" data-orig-file=\"https:\/\/icac.cat\/wp-content\/uploads\/2024\/10\/Seminari-MIRMED_estructures-productives-villae_PROGRAMA_Pagina_1-scaled.jpg\" data-orig-size=\"1810,2560\" data-comments-opened=\"0\" data-image-meta=\"{&quot;aperture&quot;:&quot;0&quot;,&quot;credit&quot;:&quot;&quot;,&quot;camera&quot;:&quot;&quot;,&quot;caption&quot;:&quot;&quot;,&quot;created_timestamp&quot;:&quot;0&quot;,&quot;copyright&quot;:&quot;&quot;,&quot;focal_length&quot;:&quot;0&quot;,&quot;iso&quot;:&quot;0&quot;,&quot;shutter_speed&quot;:&quot;0&quot;,&quot;title&quot;:&quot;&quot;,&quot;orientation&quot;:&quot;0&quot;}\" data-image-title=\"Seminari MIRMED_estructures productives villae_PROGRAMA_P\u00e1gina_1\" data-image-description=\"\" data-medium-file=\"https:\/\/icac.cat\/wp-content\/uploads\/2024\/10\/Seminari-MIRMED_estructures-productives-villae_PROGRAMA_Pagina_1-400x566.jpg\" data-large-file=\"https:\/\/icac.cat\/wp-content\/uploads\/2024\/10\/Seminari-MIRMED_estructures-productives-villae_PROGRAMA_Pagina_1-724x1024.jpg\" src=\"https:\/\/icac.cat\/wp-content\/uploads\/2024\/10\/Seminari-MIRMED_estructures-productives-villae_PROGRAMA_Pagina_1-scaled-258x364.jpg\" width=\"258\" height=\"364\" align=\"left\" title=\"Seminari MIRMED_estructures productives villae_PROGRAMA_P\u00e1gina_1\" \/><\/a><\/div><\/div><div class=\"gallery-group images-1\" style=\"width: 261px; height: 368px;\"><div class=\"tiled-gallery-item tiled-gallery-item-large\"><a href=\"https:\/\/icac.cat\/es\/actualitat\/noticies\/2024\/seminario-mirmed-estructuras-productivas-villae-tarragona\/seminari-mirmed_estructures-productives-villae_programa_pagina_2bis\/\"><img data-attachment-id=\"96387\" data-orig-file=\"https:\/\/icac.cat\/wp-content\/uploads\/2024\/10\/Seminari-MIRMED_estructures-productives-villae_PROGRAMA_Pagina_2bis.jpg\" data-orig-size=\"1587,2245\" data-comments-opened=\"0\" data-image-meta=\"{&quot;aperture&quot;:&quot;0&quot;,&quot;credit&quot;:&quot;&quot;,&quot;camera&quot;:&quot;&quot;,&quot;caption&quot;:&quot;&quot;,&quot;created_timestamp&quot;:&quot;0&quot;,&quot;copyright&quot;:&quot;&quot;,&quot;focal_length&quot;:&quot;0&quot;,&quot;iso&quot;:&quot;0&quot;,&quot;shutter_speed&quot;:&quot;0&quot;,&quot;title&quot;:&quot;&quot;,&quot;orientation&quot;:&quot;1&quot;}\" data-image-title=\"Seminari-MIRMED_estructures-productives-villae_PROGRAMA_Pagina_2bis\" data-image-description=\"\" data-medium-file=\"https:\/\/icac.cat\/wp-content\/uploads\/2024\/10\/Seminari-MIRMED_estructures-productives-villae_PROGRAMA_Pagina_2bis-400x566.jpg\" data-large-file=\"https:\/\/icac.cat\/wp-content\/uploads\/2024\/10\/Seminari-MIRMED_estructures-productives-villae_PROGRAMA_Pagina_2bis-724x1024.jpg\" src=\"https:\/\/icac.cat\/wp-content\/uploads\/2024\/10\/Seminari-MIRMED_estructures-productives-villae_PROGRAMA_Pagina_2bis-257x364.jpg\" width=\"257\" height=\"364\" align=\"left\" title=\"Seminari-MIRMED_estructures-productives-villae_PROGRAMA_Pagina_2bis\" \/><\/a><\/div><\/div><div class=\"gallery-group images-1\" style=\"width: 262px; height: 368px;\"><div class=\"tiled-gallery-item tiled-gallery-item-large\"><a href=\"https:\/\/icac.cat\/es\/difusio\/activitats-de-licac\/agenda\/seminari-mirmed-estructures-productives-villae-tarragona\/seminari-mirmed_estructures-productives-villae_programa_pagina_3-2\/\"><img data-attachment-id=\"96296\" data-orig-file=\"https:\/\/icac.cat\/wp-content\/uploads\/2024\/10\/Seminari-MIRMED_estructures-productives-villae_PROGRAMA_Pagina_3-scaled.jpg\" data-orig-size=\"1810,2560\" data-comments-opened=\"0\" data-image-meta=\"{&quot;aperture&quot;:&quot;0&quot;,&quot;credit&quot;:&quot;&quot;,&quot;camera&quot;:&quot;&quot;,&quot;caption&quot;:&quot;&quot;,&quot;created_timestamp&quot;:&quot;0&quot;,&quot;copyright&quot;:&quot;&quot;,&quot;focal_length&quot;:&quot;0&quot;,&quot;iso&quot;:&quot;0&quot;,&quot;shutter_speed&quot;:&quot;0&quot;,&quot;title&quot;:&quot;&quot;,&quot;orientation&quot;:&quot;0&quot;}\" data-image-title=\"Seminari MIRMED_estructures productives villae_PROGRAMA_P\u00e1gina_3\" data-image-description=\"\" data-medium-file=\"https:\/\/icac.cat\/wp-content\/uploads\/2024\/10\/Seminari-MIRMED_estructures-productives-villae_PROGRAMA_Pagina_3-400x566.jpg\" data-large-file=\"https:\/\/icac.cat\/wp-content\/uploads\/2024\/10\/Seminari-MIRMED_estructures-productives-villae_PROGRAMA_Pagina_3-724x1024.jpg\" src=\"https:\/\/icac.cat\/wp-content\/uploads\/2024\/10\/Seminari-MIRMED_estructures-productives-villae_PROGRAMA_Pagina_3-scaled-258x364.jpg\" width=\"258\" height=\"364\" align=\"left\" title=\"Seminari MIRMED_estructures productives villae_PROGRAMA_P\u00e1gina_3\" \/><\/a><\/div><\/div><\/div><\/div>\n<p>&nbsp;<\/p>\n<hr \/>\n<h6>Sobre el Instituto Catal\u00e1n de Arqueolog\u00eda Cl\u00e1sica (ICAC)<\/h6>\n<p>El\u00a0<a href=\"https:\/\/icac.cat\/es\/\" target=\"_blank\" rel=\"noopener\">Instituto Catal\u00e1n de Arqueolog\u00eda Cl\u00e1sica (ICAC-CERCA)<\/a>\u00a0es\u00a0<strong>un centro CERCA<\/strong>\u00a0creado como consorcio en 2003 por la Generalitat de Catalunya y la Universidad Rovira i Virgili. Es una instituci\u00f3n catalana con vocaci\u00f3n internacional, puntera en la investigaci\u00f3n y conservaci\u00f3n del patrimonio arqueol\u00f3gico. Tiene su sede en Tarragona, ciudad reconocida como Patrimonio Mundial por la UNESCO en el a\u00f1o 2000. Sus investigadores e investigadoras trabajan para comprender el pasado a trav\u00e9s del estudio de los restos arqueol\u00f3gicos y promover la preservaci\u00f3n del legado hist\u00f3rico. \u00a1Somos CERCA!<\/p>\n<p>Para m\u00e1s informaci\u00f3n, visitad el sitio web del ICAC en\u00a0<a href=\"http:\/\/www.icac.cat\/\" target=\"_new\" rel=\"noopener\">www.icac.cat<\/a>.<\/p>\n<p><img loading=\"lazy\" class=\"aligncenter size-medium wp-image-80280\" src=\"https:\/\/icac.cat\/wp-content\/uploads\/2022\/10\/CERCA-MARCA-A-400x157.jpg\" sizes=\"(max-width: 400px) 100vw, 400px\" srcset=\"https:\/\/icac.cat\/wp-content\/uploads\/2022\/10\/CERCA-MARCA-A-400x157.jpg 400w, https:\/\/icac.cat\/wp-content\/uploads\/2022\/10\/CERCA-MARCA-A-1024x401.jpg 1024w, https:\/\/icac.cat\/wp-content\/uploads\/2022\/10\/CERCA-MARCA-A-768x301.jpg 768w, https:\/\/icac.cat\/wp-content\/uploads\/2022\/10\/CERCA-MARCA-A-1536x602.jpg 1536w, https:\/\/icac.cat\/wp-content\/uploads\/2022\/10\/CERCA-MARCA-A.jpg 1830w\" alt=\"\" width=\"400\" height=\"157\" \/><\/p>\n","protected":false},"excerpt":{"rendered":"<p>El viernes 8 de noviembre, en el ICAC, tendr\u00e1 lugar el seminario \u201cNovedades sobre las estructuras productivas en uillae del Camp de Tarragona\u201d, una jornada de debate y presentaci\u00f3n de estudios recientes sobre los espacios productivos de diversas villas de \u00e9poca romana. La sesi\u00f3n, que se podr\u00e1 seguir tambi\u00e9n en l\u00ednea v\u00eda Teams, ha sido [&hellip;]<\/p>\n","protected":false},"author":160,"featured_media":96307,"comment_status":"closed","ping_status":"closed","sticky":false,"template":"","format":"standard","meta":{"_genesis_hide_title":false,"_genesis_hide_breadcrumbs":false,"_genesis_hide_singular_image":false,"_genesis_hide_footer_widgets":false,"_genesis_custom_body_class":"","_genesis_custom_post_class":"","_genesis_layout":""},"categories":[329,335,332],"tags":[976,1240],"_links":{"self":[{"href":"https:\/\/icac.cat\/es\/wp-json\/wp\/v2\/posts\/96310"}],"collection":[{"href":"https:\/\/icac.cat\/es\/wp-json\/wp\/v2\/posts"}],"about":[{"href":"https:\/\/icac.cat\/es\/wp-json\/wp\/v2\/types\/post"}],"author":[{"embeddable":true,"href":"https:\/\/icac.cat\/es\/wp-json\/wp\/v2\/users\/160"}],"replies":[{"embeddable":true,"href":"https:\/\/icac.cat\/es\/wp-json\/wp\/v2\/comments?post=96310"}],"version-history":[{"count":5,"href":"https:\/\/icac.cat\/es\/wp-json\/wp\/v2\/posts\/96310\/revisions"}],"predecessor-version":[{"id":96394,"href":"https:\/\/icac.cat\/es\/wp-json\/wp\/v2\/posts\/96310\/revisions\/96394"}],"wp:featuredmedia":[{"embeddable":true,"href":"https:\/\/icac.cat\/es\/wp-json\/wp\/v2\/media\/96307"}],"wp:attachment":[{"href":"https:\/\/icac.cat\/es\/wp-json\/wp\/v2\/media?parent=96310"}],"wp:term":[{"taxonomy":"category","embeddable":true,"href":"https:\/\/icac.cat\/es\/wp-json\/wp\/v2\/categories?post=96310"},{"taxonomy":"post_tag","embeddable":true,"href":"https:\/\/icac.cat\/es\/wp-json\/wp\/v2\/tags?post=96310"}],"curies":[{"name":"wp","href":"https:\/\/api.w.org\/{rel}","templated":true}]}}