{"id":99104,"date":"2025-03-13T09:02:17","date_gmt":"2025-03-13T08:02:17","guid":{"rendered":"https:\/\/icac.cat\/?p=99104"},"modified":"2025-09-05T15:40:35","modified_gmt":"2025-09-05T13:40:35","slug":"amphorae-et-dolia-congres-internacional-1a-circular","status":"publish","type":"post","link":"https:\/\/icac.cat\/es\/actualitat\/noticies\/2025\/amphorae-et-dolia-congres-internacional-1a-circular\/","title":{"rendered":"<i>Amphorae et dolia<\/i> Congr\u00e9s Internacional. 1a circular"},"content":{"rendered":"<section class=\"fusion-page-title-bar fusion-tb-page-title-bar\">\n<div class=\"fusion-fullwidth fullwidth-box fusion-builder-row-2 fusion-flex-container has-pattern-background has-mask-background nonhundred-percent-fullwidth non-hundred-percent-height-scrolling\">\n<div class=\"fusion-builder-row fusion-row fusion-flex-align-items-flex-start fusion-flex-content-wrap\">\n<div class=\"fusion-layout-column fusion_builder_column fusion-builder-column-3 fusion_builder_column_1_1 1_1 fusion-flex-column\" data-scroll-devices=\"small-visibility,medium-visibility,large-visibility\">\n<div class=\"fusion-column-wrapper fusion-column-has-shadow fusion-flex-justify-content-flex-start fusion-content-layout-column\">\n<div class=\"fusion-text fusion-text-1 fusion-text-no-margin\">\n<p>Des de l\u2019Institut Catal\u00e0 d\u2019Arqueologia Classica, el grup d\u2019Arqueologia romana (MIRMED-GIAC), organitza el congr\u00e9s internacional <em>Amphorae et Dolia<\/em>, un nou espai per a presentar i confrontar les novetats sobre la producci\u00f3 i comercialitzaci\u00f3 d\u2019\u00e0mfores, aix\u00ed com tot all\u00f2 relacionat amb els <em>dolia<\/em> i recipients d\u2019emmagatzematge afins.<\/p>\n<p>La reuni\u00f3 tindr\u00e0 lloc els dies 29 i 30 d\u2019octubre a la seu de l\u2019ICAC.<\/p>\n<p>El congr\u00e9s s\u2019organitzar\u00e0 a partir de m\u00faltiples pon\u00e8ncies, seguides de comunicacions relacionades. Les pon\u00e8ncies aniran a c\u00e0rrec del <strong>Dr. V\u00edctor Revilla<\/strong> (Universitat de Barcelona), <strong>Dr. Joaquim Tremoleda Trilla<\/strong> (MAC-Emp\u00faries), <strong>Dr. Daniel Mateo<\/strong> (Universidad de Alicante), <strong>Dr. Dar\u00edo Bernal-Casasola<\/strong> (Universidad de C\u00e1diz), <strong>Dr. David Djaoui<\/strong> (Mus\u00e9e d\u00e9partemental Arles Antique), <strong>Dra. Daniella Cottica<\/strong> (Universit\u00e0 Ca\u2019Foscari Venezia),<strong> Dr. Jos\u00e9 Carlos Quaresma<\/strong> (Universidade Nova de Lisboa).<\/p>\n<\/div>\n<div class=\"fusion-row\">\n<section id=\"content\">\n<div id=\"post-880\" class=\"post-880 reunio-oikos type-reunio-oikos status-publish hentry\">\n<div class=\"post-content\">\n<div class=\"fusion-fullwidth fullwidth-box fusion-builder-row-3 fusion-flex-container has-pattern-background has-mask-background nonhundred-percent-fullwidth non-hundred-percent-height-scrolling\">\n<div class=\"fusion-builder-row fusion-row fusion-flex-align-items-flex-start fusion-flex-content-wrap\">\n<div class=\"fusion-layout-column fusion_builder_column fusion-builder-column-4 fusion_builder_column_3_5 3_5 fusion-flex-column\">\n<div class=\"fusion-column-wrapper fusion-column-has-shadow fusion-flex-justify-content-flex-start fusion-content-layout-column\">\n<div class=\"fusion-content-tb fusion-content-tb-1\">\n<div class=\"highlight-block\">\n<p style=\"text-align: center;\">El termini per la presentaci\u00f3 de comunicacions finalitzava el 30 de juny de 2025.<br \/>\n<strong>Actualitzaci\u00f3:<\/strong>\u00a0S\u2019amplia el termini fins al\u00a0<strong>15 de juliol de 2025!<\/strong><\/p>\n<\/div>\n<p>&nbsp;<\/p>\n<p>Les lleng\u00fces oficials s\u00f3n el <strong>catal\u00e0<\/strong> i el <strong>castell\u00e0<\/strong>, per\u00f2 s\u2019accepten comunicacions en <strong>angl\u00e8s<\/strong>, <strong>franc\u00e8s<\/strong>, <strong>itali\u00e0<\/strong> i <strong>portugu\u00e8s<\/strong>.<\/p>\n<\/div>\n<\/div>\n<\/div>\n<\/div>\n<\/div>\n<\/div>\n<\/div>\n<\/section>\n<\/div>\n<div class=\"fusion-text fusion-text-1 fusion-text-no-margin\">\n<div class=\"fusion-row\">\n<section id=\"content\">\n<div id=\"post-880\" class=\"post-880 reunio-oikos type-reunio-oikos status-publish hentry\">\n<div class=\"post-content\">\n<div class=\"fusion-fullwidth fullwidth-box fusion-builder-row-3 fusion-flex-container has-pattern-background has-mask-background nonhundred-percent-fullwidth non-hundred-percent-height-scrolling\">\n<div class=\"fusion-builder-row fusion-row fusion-flex-align-items-flex-start fusion-flex-content-wrap\">\n<div class=\"highlight-block\">\n<p style=\"text-align: center;\">Trobareu tota la informaci\u00f3 per presentar les vostres propostes al Congr\u00e9s Internacional <em>Amphoare et dolia<\/em>, en aquesta <strong>1a circular<\/strong>. (<a href=\"https:\/\/icac.cat\/wp-content\/uploads\/2025\/03\/1_circular_cat.pdf\">CAT<\/a>, <a href=\"https:\/\/icac.cat\/wp-content\/uploads\/2025\/03\/1_circular_cast.pdf\">CAST<\/a>, <a href=\"https:\/\/icac.cat\/wp-content\/uploads\/2025\/03\/1_circular_eng.pdf\">ENG<\/a>)<\/p>\n<\/div>\n<\/div>\n<\/div>\n<\/div>\n<\/div>\n<\/section>\n<\/div>\n<p><strong>Organitzen<\/strong>: <a href=\"https:\/\/icac.cat\/qui-som\/personal\/rjarrega\/\">Ramon J\u00e1rrega<\/a>, <a href=\"https:\/\/icac.cat\/qui-som\/personal\/ecolom\/\">Enric Colom<\/a> i <a href=\"https:\/\/icac.cat\/qui-som\/personal\/mrueda\/\">Maria Rueda<\/a>.<\/p>\n<\/div>\n<div class=\"fusion-text fusion-text-1 fusion-text-no-margin\">\n<p>Per a qualsevol dubte, podeu contactar amb nosaltres a trav\u00e9s del correu: <a href=\"mailto:congresoamphorae@icac.cat\">congresoamphorae@icac.cat<\/a><\/p>\n<\/div>\n<\/div>\n<\/div>\n<\/div>\n<\/div>\n<\/section>\n<p><a href=\"https:\/\/icac.cat\/dolia_logostots_02\/\"><img loading=\"lazy\" class=\"wp-image-101395 size-large aligncenter\" src=\"https:\/\/icac.cat\/wp-content\/uploads\/2025\/08\/Dolia_LogosTOTS_02-1024x156.png\" alt=\"\" width=\"790\" height=\"120\" srcset=\"https:\/\/icac.cat\/wp-content\/uploads\/2025\/08\/Dolia_LogosTOTS_02-1024x156.png 1024w, https:\/\/icac.cat\/wp-content\/uploads\/2025\/08\/Dolia_LogosTOTS_02-400x61.png 400w, https:\/\/icac.cat\/wp-content\/uploads\/2025\/08\/Dolia_LogosTOTS_02-768x117.png 768w, https:\/\/icac.cat\/wp-content\/uploads\/2025\/08\/Dolia_LogosTOTS_02-1536x234.png 1536w, https:\/\/icac.cat\/wp-content\/uploads\/2025\/08\/Dolia_LogosTOTS_02-2048x312.png 2048w\" sizes=\"(max-width: 790px) 100vw, 790px\" \/><\/a><\/p>\n","protected":false},"excerpt":{"rendered":"<p>Des de l\u2019Institut Catal\u00e0 d\u2019Arqueologia Classica, el grup d\u2019Arqueologia romana (MIRMED-GIAC), organitza el congr\u00e9s internacional Amphorae et Dolia, un nou espai per a presentar i confrontar les novetats sobre la producci\u00f3 i comercialitzaci\u00f3 d\u2019\u00e0mfores, aix\u00ed com tot all\u00f2 relacionat amb els dolia i recipients d\u2019emmagatzematge afins. La reuni\u00f3 tindr\u00e0 lloc els dies 29 i 30 [&hellip;]<\/p>\n","protected":false},"author":231,"featured_media":99332,"comment_status":"closed","ping_status":"closed","sticky":false,"template":"","format":"standard","meta":{"_genesis_hide_title":false,"_genesis_hide_breadcrumbs":false,"_genesis_hide_singular_image":false,"_genesis_hide_footer_widgets":false,"_genesis_custom_body_class":"","_genesis_custom_post_class":"","_genesis_layout":""},"categories":[184,188],"tags":[],"_links":{"self":[{"href":"https:\/\/icac.cat\/es\/wp-json\/wp\/v2\/posts\/99104"}],"collection":[{"href":"https:\/\/icac.cat\/es\/wp-json\/wp\/v2\/posts"}],"about":[{"href":"https:\/\/icac.cat\/es\/wp-json\/wp\/v2\/types\/post"}],"author":[{"embeddable":true,"href":"https:\/\/icac.cat\/es\/wp-json\/wp\/v2\/users\/231"}],"replies":[{"embeddable":true,"href":"https:\/\/icac.cat\/es\/wp-json\/wp\/v2\/comments?post=99104"}],"version-history":[{"count":5,"href":"https:\/\/icac.cat\/es\/wp-json\/wp\/v2\/posts\/99104\/revisions"}],"predecessor-version":[{"id":99336,"href":"https:\/\/icac.cat\/es\/wp-json\/wp\/v2\/posts\/99104\/revisions\/99336"}],"wp:featuredmedia":[{"embeddable":true,"href":"https:\/\/icac.cat\/es\/wp-json\/wp\/v2\/media\/99332"}],"wp:attachment":[{"href":"https:\/\/icac.cat\/es\/wp-json\/wp\/v2\/media?parent=99104"}],"wp:term":[{"taxonomy":"category","embeddable":true,"href":"https:\/\/icac.cat\/es\/wp-json\/wp\/v2\/categories?post=99104"},{"taxonomy":"post_tag","embeddable":true,"href":"https:\/\/icac.cat\/es\/wp-json\/wp\/v2\/tags?post=99104"}],"curies":[{"name":"wp","href":"https:\/\/api.w.org\/{rel}","templated":true}]}}